{"id":3136,"date":"2021-07-31T08:25:27","date_gmt":"2021-07-31T06:25:27","guid":{"rendered":"https:\/\/66131ensheim.de\/wordpress\/?p=3136"},"modified":"2023-07-28T17:43:42","modified_gmt":"2023-07-28T15:43:42","slug":"einladung-zur-jahreshauptversammlung-des-gewerbeverein-ensheim-e-v","status":"publish","type":"post","link":"http:\/\/66131ensheim.de\/wordpress\/2021\/07\/31\/einladung-zur-jahreshauptversammlung-des-gewerbeverein-ensheim-e-v\/","title":{"rendered":"Jahreshauptversammlung"},"content":{"rendered":"\n<p>Mittwoch, den 18. August 2021, um 19.00 Uhr &#8211; Gasthaus 5-Jahreszeiten \u2013Saal-, Fabrikstr. 66131 Ensheim<\/p>\n\n\n\n<p>Ab ca. 20.00 Uhr ist die Sitzung auch f\u00fcr die Nichtmitglieder unter den Teilnehmern \u201eHeimat-Shoppen 2021\u201c offen.<\/p>\n\n\n\n<p>Liebe Mitgliederinnen und Mitglieder,<br>hiermit laden wir euch zur Jahreshauptversammlung unseres Gewerbevereins Ensheim e.V., ordnungsgem\u00e4\u00df ein. Die Versammlung wird zu der am Zeitpunkt der JHV g\u00fcltigen Corona-Regeln stattfinden.<\/p>\n\n\n\n<p><strong>Tagesordnung:<\/strong><\/p>\n\n\n\n<ol class=\"wp-block-list\">\n<li>Begr\u00fc\u00dfung<\/li>\n\n\n\n<li>Feststellung der Beschlussf\u00e4higkeit<\/li>\n\n\n\n<li>Bericht 1. Vorsitzender<\/li>\n\n\n\n<li>Bericht Kassierer<\/li>\n\n\n\n<li>Bericht Kassenpr\u00fcfer<\/li>\n\n\n\n<li>Aussprache\/Fragen \u00fcber die Berichte<\/li>\n\n\n\n<li>Antrag auf Entlastung der kpl. Vorstandschaft f\u00fcr das Gesch\u00e4ftsjahr<\/li>\n\n\n\n<li>Neuwahl Kassenpr\u00fcfer 2021-22<\/li>\n\n\n\n<li>Beitr\u00e4ge im Coronajahr 2021 kl\u00e4ren, Vorschlag -50% = 45 Euro anstatt 90,- Euro ?<\/li>\n\n\n\n<li>Verschiedenes<br><em>&#8211; Ende offizieller Teil der JHV &#8211;<\/em><\/li>\n\n\n\n<li>Infos\/Details Heimat Shoppen 10.-11. September 2021 ab ca. 20 Uhr<br>Dieser Tagesordnungspunkt ist auch f\u00fcr die teilnehmenden Nichtmitglieder vorgesehen und daher \u00f6ffentlich f\u00fcr alle (ab ca. 20. Uhr)<\/li>\n<\/ol>\n\n\n\n<p>Antr\u00e4ge an die Versammlung k\u00f6nnen schriftlich bis zum 8.8.2021 an den 1. Vorsitzenden gesandt werden.<br>Per Post: Harald Wagner, Eschringerstr. 48, 66131 Saarbr\u00fccken \u2013 Ensheim, oder per Email: h.wagner(at)moebelwagner.de &#8211; Gewerbeverein JHV2021<\/p>\n\n\n\n<p>Um die k\u00fcnftige Ausrichtung des Vereins und Aktivit\u00e4ten mitzugestalten und zu begleiten, bitten wir euch alle, um Teilnahme.<\/p>\n\n\n\n<p>Bis dahin alles Gute und bleibt gesund, viele Gr\u00fc\u00dfe<br>Der Vorstand<\/p>\n","protected":false},"excerpt":{"rendered":"<p>Mittwoch, den 18. August 2021, um 19.00 Uhr &#8211; Gasthaus 5-Jahreszeiten \u2013Saal-, Fabrikstr. 66131 Ensheim Ab ca. 20.00 Uhr ist die Sitzung auch f\u00fcr die Nichtmitglieder unter den Teilnehmern \u201eHeimat-Shoppen 2021\u201c offen. Liebe Mitgliederinnen und Mitglieder,hiermit laden wir euch zur Jahreshauptversammlung unseres Gewerbevereins Ensheim e.V., ordnungsgem\u00e4\u00df ein. Die Versammlung wird zu der am Zeitpunkt der JHV g\u00fcltigen Corona-Regeln stattfinden. Tagesordnung: Antr\u00e4ge an die Versammlung k\u00f6nnen schriftlich bis zum 8.8.2021 an den 1. Vorsitzenden gesandt werden.Per Post: Harald Wagner, Eschringerstr. 48, &#8230; <a title=\"Jahreshauptversammlung\" class=\"read-more\" href=\"http:\/\/66131ensheim.de\/wordpress\/2021\/07\/31\/einladung-zur-jahreshauptversammlung-des-gewerbeverein-ensheim-e-v\/\" aria-label=\"Mehr Informationen \u00fcber Jahreshauptversammlung\">Weiter<\/a><\/p>\n","protected":false},"author":1,"featured_media":2187,"comment_status":"open","ping_status":"open","sticky":false,"template":"","format":"standard","meta":{"ngg_post_thumbnail":0,"generate_page_header":"","footnotes":""},"categories":[1],"tags":[],"class_list":["post-3136","post","type-post","status-publish","format-standard","has-post-thumbnail","hentry","category-allgemein","resize-featured-image"],"yoast_head":"<!-- This site is optimized with the Yoast SEO plugin v27.5 - https:\/\/yoast.com\/product\/yoast-seo-wordpress\/ -->\n<title>Jahreshauptversammlung - Gewerbeverein Ensheim<\/title>\n<meta name=\"robots\" content=\"index, follow, max-snippet:-1, max-image-preview:large, max-video-preview:-1\" \/>\n<link rel=\"canonical\" href=\"http:\/\/66131ensheim.de\/wordpress\/2021\/07\/31\/einladung-zur-jahreshauptversammlung-des-gewerbeverein-ensheim-e-v\/\" \/>\n<meta property=\"og:locale\" content=\"de_DE\" \/>\n<meta property=\"og:type\" content=\"article\" \/>\n<meta property=\"og:title\" content=\"Jahreshauptversammlung - Gewerbeverein Ensheim\" \/>\n<meta property=\"og:description\" content=\"Mittwoch, den 18. August 2021, um 19.00 Uhr &#8211; Gasthaus 5-Jahreszeiten \u2013Saal-, Fabrikstr. 66131 Ensheim Ab ca. 20.00 Uhr ist die Sitzung auch f\u00fcr die Nichtmitglieder unter den Teilnehmern \u201eHeimat-Shoppen 2021\u201c offen. Liebe Mitgliederinnen und Mitglieder,hiermit laden wir euch zur Jahreshauptversammlung unseres Gewerbevereins Ensheim e.V., ordnungsgem\u00e4\u00df ein. Die Versammlung wird zu der am Zeitpunkt der JHV g\u00fcltigen Corona-Regeln stattfinden. Tagesordnung: Antr\u00e4ge an die Versammlung k\u00f6nnen schriftlich bis zum 8.8.2021 an den 1. Vorsitzenden gesandt werden.Per Post: Harald Wagner, Eschringerstr. 48, ... Weiter\" \/>\n<meta property=\"og:url\" content=\"http:\/\/66131ensheim.de\/wordpress\/2021\/07\/31\/einladung-zur-jahreshauptversammlung-des-gewerbeverein-ensheim-e-v\/\" \/>\n<meta property=\"og:site_name\" content=\"Gewerbeverein Ensheim\" \/>\n<meta property=\"article:publisher\" content=\"https:\/\/www.facebook.com\/EnsheimSaar\/\" \/>\n<meta property=\"article:published_time\" content=\"2021-07-31T06:25:27+00:00\" \/>\n<meta property=\"article:modified_time\" content=\"2023-07-28T15:43:42+00:00\" \/>\n<meta property=\"og:image\" content=\"http:\/\/66131ensheim.de\/wordpress\/wp-content\/uploads\/2018\/07\/cropped-Gewerbeverein-Ensheim-e.V._Logo.jpg\" \/>\n\t<meta property=\"og:image:width\" content=\"512\" \/>\n\t<meta property=\"og:image:height\" content=\"512\" \/>\n\t<meta property=\"og:image:type\" content=\"image\/jpeg\" \/>\n<meta name=\"author\" content=\"Stefan Vogelgesang\" \/>\n<meta name=\"twitter:card\" content=\"summary_large_image\" \/>\n<meta name=\"twitter:label1\" content=\"Verfasst von\" \/>\n\t<meta name=\"twitter:data1\" content=\"Stefan Vogelgesang\" \/>\n\t<meta name=\"twitter:label2\" content=\"Gesch\u00e4tzte Lesezeit\" \/>\n\t<meta name=\"twitter:data2\" content=\"2\u00a0Minuten\" \/>\n<script type=\"application\/ld+json\" class=\"yoast-schema-graph\">{\"@context\":\"https:\\\/\\\/schema.org\",\"@graph\":[{\"@type\":\"Article\",\"@id\":\"http:\\\/\\\/66131ensheim.de\\\/wordpress\\\/2021\\\/07\\\/31\\\/einladung-zur-jahreshauptversammlung-des-gewerbeverein-ensheim-e-v\\\/#article\",\"isPartOf\":{\"@id\":\"http:\\\/\\\/66131ensheim.de\\\/wordpress\\\/2021\\\/07\\\/31\\\/einladung-zur-jahreshauptversammlung-des-gewerbeverein-ensheim-e-v\\\/\"},\"author\":{\"name\":\"Stefan Vogelgesang\",\"@id\":\"http:\\\/\\\/66131ensheim.de\\\/wordpress\\\/#\\\/schema\\\/person\\\/210ee9c63c5e30f18453372823a88de8\"},\"headline\":\"Jahreshauptversammlung\",\"datePublished\":\"2021-07-31T06:25:27+00:00\",\"dateModified\":\"2023-07-28T15:43:42+00:00\",\"mainEntityOfPage\":{\"@id\":\"http:\\\/\\\/66131ensheim.de\\\/wordpress\\\/2021\\\/07\\\/31\\\/einladung-zur-jahreshauptversammlung-des-gewerbeverein-ensheim-e-v\\\/\"},\"wordCount\":204,\"commentCount\":0,\"publisher\":{\"@id\":\"http:\\\/\\\/66131ensheim.de\\\/wordpress\\\/#organization\"},\"image\":{\"@id\":\"http:\\\/\\\/66131ensheim.de\\\/wordpress\\\/2021\\\/07\\\/31\\\/einladung-zur-jahreshauptversammlung-des-gewerbeverein-ensheim-e-v\\\/#primaryimage\"},\"thumbnailUrl\":\"http:\\\/\\\/66131ensheim.de\\\/wordpress\\\/wp-content\\\/uploads\\\/2018\\\/07\\\/cropped-Gewerbeverein-Ensheim-e.V._Logo.jpg\",\"inLanguage\":\"de\",\"potentialAction\":[{\"@type\":\"CommentAction\",\"name\":\"Comment\",\"target\":[\"http:\\\/\\\/66131ensheim.de\\\/wordpress\\\/2021\\\/07\\\/31\\\/einladung-zur-jahreshauptversammlung-des-gewerbeverein-ensheim-e-v\\\/#respond\"]}]},{\"@type\":\"WebPage\",\"@id\":\"http:\\\/\\\/66131ensheim.de\\\/wordpress\\\/2021\\\/07\\\/31\\\/einladung-zur-jahreshauptversammlung-des-gewerbeverein-ensheim-e-v\\\/\",\"url\":\"http:\\\/\\\/66131ensheim.de\\\/wordpress\\\/2021\\\/07\\\/31\\\/einladung-zur-jahreshauptversammlung-des-gewerbeverein-ensheim-e-v\\\/\",\"name\":\"Jahreshauptversammlung - Gewerbeverein Ensheim\",\"isPartOf\":{\"@id\":\"http:\\\/\\\/66131ensheim.de\\\/wordpress\\\/#website\"},\"primaryImageOfPage\":{\"@id\":\"http:\\\/\\\/66131ensheim.de\\\/wordpress\\\/2021\\\/07\\\/31\\\/einladung-zur-jahreshauptversammlung-des-gewerbeverein-ensheim-e-v\\\/#primaryimage\"},\"image\":{\"@id\":\"http:\\\/\\\/66131ensheim.de\\\/wordpress\\\/2021\\\/07\\\/31\\\/einladung-zur-jahreshauptversammlung-des-gewerbeverein-ensheim-e-v\\\/#primaryimage\"},\"thumbnailUrl\":\"http:\\\/\\\/66131ensheim.de\\\/wordpress\\\/wp-content\\\/uploads\\\/2018\\\/07\\\/cropped-Gewerbeverein-Ensheim-e.V._Logo.jpg\",\"datePublished\":\"2021-07-31T06:25:27+00:00\",\"dateModified\":\"2023-07-28T15:43:42+00:00\",\"breadcrumb\":{\"@id\":\"http:\\\/\\\/66131ensheim.de\\\/wordpress\\\/2021\\\/07\\\/31\\\/einladung-zur-jahreshauptversammlung-des-gewerbeverein-ensheim-e-v\\\/#breadcrumb\"},\"inLanguage\":\"de\",\"potentialAction\":[{\"@type\":\"ReadAction\",\"target\":[\"http:\\\/\\\/66131ensheim.de\\\/wordpress\\\/2021\\\/07\\\/31\\\/einladung-zur-jahreshauptversammlung-des-gewerbeverein-ensheim-e-v\\\/\"]}]},{\"@type\":\"ImageObject\",\"inLanguage\":\"de\",\"@id\":\"http:\\\/\\\/66131ensheim.de\\\/wordpress\\\/2021\\\/07\\\/31\\\/einladung-zur-jahreshauptversammlung-des-gewerbeverein-ensheim-e-v\\\/#primaryimage\",\"url\":\"http:\\\/\\\/66131ensheim.de\\\/wordpress\\\/wp-content\\\/uploads\\\/2018\\\/07\\\/cropped-Gewerbeverein-Ensheim-e.V._Logo.jpg\",\"contentUrl\":\"http:\\\/\\\/66131ensheim.de\\\/wordpress\\\/wp-content\\\/uploads\\\/2018\\\/07\\\/cropped-Gewerbeverein-Ensheim-e.V._Logo.jpg\",\"width\":512,\"height\":512},{\"@type\":\"BreadcrumbList\",\"@id\":\"http:\\\/\\\/66131ensheim.de\\\/wordpress\\\/2021\\\/07\\\/31\\\/einladung-zur-jahreshauptversammlung-des-gewerbeverein-ensheim-e-v\\\/#breadcrumb\",\"itemListElement\":[{\"@type\":\"ListItem\",\"position\":1,\"name\":\"Startseite\",\"item\":\"http:\\\/\\\/66131ensheim.de\\\/wordpress\\\/\"},{\"@type\":\"ListItem\",\"position\":2,\"name\":\"Jahreshauptversammlung\"}]},{\"@type\":\"WebSite\",\"@id\":\"http:\\\/\\\/66131ensheim.de\\\/wordpress\\\/#website\",\"url\":\"http:\\\/\\\/66131ensheim.de\\\/wordpress\\\/\",\"name\":\"Gewerbeverein Ensheim\",\"description\":\"\",\"publisher\":{\"@id\":\"http:\\\/\\\/66131ensheim.de\\\/wordpress\\\/#organization\"},\"potentialAction\":[{\"@type\":\"SearchAction\",\"target\":{\"@type\":\"EntryPoint\",\"urlTemplate\":\"http:\\\/\\\/66131ensheim.de\\\/wordpress\\\/?s={search_term_string}\"},\"query-input\":{\"@type\":\"PropertyValueSpecification\",\"valueRequired\":true,\"valueName\":\"search_term_string\"}}],\"inLanguage\":\"de\"},{\"@type\":\"Organization\",\"@id\":\"http:\\\/\\\/66131ensheim.de\\\/wordpress\\\/#organization\",\"name\":\"Gewerbeverein Ensheim e.V.\",\"url\":\"http:\\\/\\\/66131ensheim.de\\\/wordpress\\\/\",\"logo\":{\"@type\":\"ImageObject\",\"inLanguage\":\"de\",\"@id\":\"http:\\\/\\\/66131ensheim.de\\\/wordpress\\\/#\\\/schema\\\/logo\\\/image\\\/\",\"url\":\"https:\\\/\\\/66131ensheim.de\\\/wordpress\\\/wp-content\\\/uploads\\\/2018\\\/07\\\/Aufkleber.jpg\",\"contentUrl\":\"https:\\\/\\\/66131ensheim.de\\\/wordpress\\\/wp-content\\\/uploads\\\/2018\\\/07\\\/Aufkleber.jpg\",\"width\":1667,\"height\":1667,\"caption\":\"Gewerbeverein Ensheim e.V.\"},\"image\":{\"@id\":\"http:\\\/\\\/66131ensheim.de\\\/wordpress\\\/#\\\/schema\\\/logo\\\/image\\\/\"},\"sameAs\":[\"https:\\\/\\\/www.facebook.com\\\/EnsheimSaar\\\/\",\"https:\\\/\\\/www.instagram.com\\\/gewerbeverein.ensheim\\\/\"]},{\"@type\":\"Person\",\"@id\":\"http:\\\/\\\/66131ensheim.de\\\/wordpress\\\/#\\\/schema\\\/person\\\/210ee9c63c5e30f18453372823a88de8\",\"name\":\"Stefan Vogelgesang\",\"image\":{\"@type\":\"ImageObject\",\"inLanguage\":\"de\",\"@id\":\"https:\\\/\\\/secure.gravatar.com\\\/avatar\\\/5633e4c0de8771818b0e2f3c72ef14f79d7bfd1aa794c0c5b5c7e17fe9ee3caa?s=96&d=mm&r=g\",\"url\":\"https:\\\/\\\/secure.gravatar.com\\\/avatar\\\/5633e4c0de8771818b0e2f3c72ef14f79d7bfd1aa794c0c5b5c7e17fe9ee3caa?s=96&d=mm&r=g\",\"contentUrl\":\"https:\\\/\\\/secure.gravatar.com\\\/avatar\\\/5633e4c0de8771818b0e2f3c72ef14f79d7bfd1aa794c0c5b5c7e17fe9ee3caa?s=96&d=mm&r=g\",\"caption\":\"Stefan Vogelgesang\"}}]}<\/script>\n<!-- \/ Yoast SEO plugin. -->","yoast_head_json":{"title":"Jahreshauptversammlung - Gewerbeverein Ensheim","robots":{"index":"index","follow":"follow","max-snippet":"max-snippet:-1","max-image-preview":"max-image-preview:large","max-video-preview":"max-video-preview:-1"},"canonical":"http:\/\/66131ensheim.de\/wordpress\/2021\/07\/31\/einladung-zur-jahreshauptversammlung-des-gewerbeverein-ensheim-e-v\/","og_locale":"de_DE","og_type":"article","og_title":"Jahreshauptversammlung - Gewerbeverein Ensheim","og_description":"Mittwoch, den 18. August 2021, um 19.00 Uhr &#8211; Gasthaus 5-Jahreszeiten \u2013Saal-, Fabrikstr. 66131 Ensheim Ab ca. 20.00 Uhr ist die Sitzung auch f\u00fcr die Nichtmitglieder unter den Teilnehmern \u201eHeimat-Shoppen 2021\u201c offen. Liebe Mitgliederinnen und Mitglieder,hiermit laden wir euch zur Jahreshauptversammlung unseres Gewerbevereins Ensheim e.V., ordnungsgem\u00e4\u00df ein. Die Versammlung wird zu der am Zeitpunkt der JHV g\u00fcltigen Corona-Regeln stattfinden. Tagesordnung: Antr\u00e4ge an die Versammlung k\u00f6nnen schriftlich bis zum 8.8.2021 an den 1. Vorsitzenden gesandt werden.Per Post: Harald Wagner, Eschringerstr. 48, ... Weiter","og_url":"http:\/\/66131ensheim.de\/wordpress\/2021\/07\/31\/einladung-zur-jahreshauptversammlung-des-gewerbeverein-ensheim-e-v\/","og_site_name":"Gewerbeverein Ensheim","article_publisher":"https:\/\/www.facebook.com\/EnsheimSaar\/","article_published_time":"2021-07-31T06:25:27+00:00","article_modified_time":"2023-07-28T15:43:42+00:00","og_image":[{"width":512,"height":512,"url":"http:\/\/66131ensheim.de\/wordpress\/wp-content\/uploads\/2018\/07\/cropped-Gewerbeverein-Ensheim-e.V._Logo.jpg","type":"image\/jpeg"}],"author":"Stefan Vogelgesang","twitter_card":"summary_large_image","twitter_misc":{"Verfasst von":"Stefan Vogelgesang","Gesch\u00e4tzte Lesezeit":"2\u00a0Minuten"},"schema":{"@context":"https:\/\/schema.org","@graph":[{"@type":"Article","@id":"http:\/\/66131ensheim.de\/wordpress\/2021\/07\/31\/einladung-zur-jahreshauptversammlung-des-gewerbeverein-ensheim-e-v\/#article","isPartOf":{"@id":"http:\/\/66131ensheim.de\/wordpress\/2021\/07\/31\/einladung-zur-jahreshauptversammlung-des-gewerbeverein-ensheim-e-v\/"},"author":{"name":"Stefan Vogelgesang","@id":"http:\/\/66131ensheim.de\/wordpress\/#\/schema\/person\/210ee9c63c5e30f18453372823a88de8"},"headline":"Jahreshauptversammlung","datePublished":"2021-07-31T06:25:27+00:00","dateModified":"2023-07-28T15:43:42+00:00","mainEntityOfPage":{"@id":"http:\/\/66131ensheim.de\/wordpress\/2021\/07\/31\/einladung-zur-jahreshauptversammlung-des-gewerbeverein-ensheim-e-v\/"},"wordCount":204,"commentCount":0,"publisher":{"@id":"http:\/\/66131ensheim.de\/wordpress\/#organization"},"image":{"@id":"http:\/\/66131ensheim.de\/wordpress\/2021\/07\/31\/einladung-zur-jahreshauptversammlung-des-gewerbeverein-ensheim-e-v\/#primaryimage"},"thumbnailUrl":"http:\/\/66131ensheim.de\/wordpress\/wp-content\/uploads\/2018\/07\/cropped-Gewerbeverein-Ensheim-e.V._Logo.jpg","inLanguage":"de","potentialAction":[{"@type":"CommentAction","name":"Comment","target":["http:\/\/66131ensheim.de\/wordpress\/2021\/07\/31\/einladung-zur-jahreshauptversammlung-des-gewerbeverein-ensheim-e-v\/#respond"]}]},{"@type":"WebPage","@id":"http:\/\/66131ensheim.de\/wordpress\/2021\/07\/31\/einladung-zur-jahreshauptversammlung-des-gewerbeverein-ensheim-e-v\/","url":"http:\/\/66131ensheim.de\/wordpress\/2021\/07\/31\/einladung-zur-jahreshauptversammlung-des-gewerbeverein-ensheim-e-v\/","name":"Jahreshauptversammlung - Gewerbeverein Ensheim","isPartOf":{"@id":"http:\/\/66131ensheim.de\/wordpress\/#website"},"primaryImageOfPage":{"@id":"http:\/\/66131ensheim.de\/wordpress\/2021\/07\/31\/einladung-zur-jahreshauptversammlung-des-gewerbeverein-ensheim-e-v\/#primaryimage"},"image":{"@id":"http:\/\/66131ensheim.de\/wordpress\/2021\/07\/31\/einladung-zur-jahreshauptversammlung-des-gewerbeverein-ensheim-e-v\/#primaryimage"},"thumbnailUrl":"http:\/\/66131ensheim.de\/wordpress\/wp-content\/uploads\/2018\/07\/cropped-Gewerbeverein-Ensheim-e.V._Logo.jpg","datePublished":"2021-07-31T06:25:27+00:00","dateModified":"2023-07-28T15:43:42+00:00","breadcrumb":{"@id":"http:\/\/66131ensheim.de\/wordpress\/2021\/07\/31\/einladung-zur-jahreshauptversammlung-des-gewerbeverein-ensheim-e-v\/#breadcrumb"},"inLanguage":"de","potentialAction":[{"@type":"ReadAction","target":["http:\/\/66131ensheim.de\/wordpress\/2021\/07\/31\/einladung-zur-jahreshauptversammlung-des-gewerbeverein-ensheim-e-v\/"]}]},{"@type":"ImageObject","inLanguage":"de","@id":"http:\/\/66131ensheim.de\/wordpress\/2021\/07\/31\/einladung-zur-jahreshauptversammlung-des-gewerbeverein-ensheim-e-v\/#primaryimage","url":"http:\/\/66131ensheim.de\/wordpress\/wp-content\/uploads\/2018\/07\/cropped-Gewerbeverein-Ensheim-e.V._Logo.jpg","contentUrl":"http:\/\/66131ensheim.de\/wordpress\/wp-content\/uploads\/2018\/07\/cropped-Gewerbeverein-Ensheim-e.V._Logo.jpg","width":512,"height":512},{"@type":"BreadcrumbList","@id":"http:\/\/66131ensheim.de\/wordpress\/2021\/07\/31\/einladung-zur-jahreshauptversammlung-des-gewerbeverein-ensheim-e-v\/#breadcrumb","itemListElement":[{"@type":"ListItem","position":1,"name":"Startseite","item":"http:\/\/66131ensheim.de\/wordpress\/"},{"@type":"ListItem","position":2,"name":"Jahreshauptversammlung"}]},{"@type":"WebSite","@id":"http:\/\/66131ensheim.de\/wordpress\/#website","url":"http:\/\/66131ensheim.de\/wordpress\/","name":"Gewerbeverein Ensheim","description":"","publisher":{"@id":"http:\/\/66131ensheim.de\/wordpress\/#organization"},"potentialAction":[{"@type":"SearchAction","target":{"@type":"EntryPoint","urlTemplate":"http:\/\/66131ensheim.de\/wordpress\/?s={search_term_string}"},"query-input":{"@type":"PropertyValueSpecification","valueRequired":true,"valueName":"search_term_string"}}],"inLanguage":"de"},{"@type":"Organization","@id":"http:\/\/66131ensheim.de\/wordpress\/#organization","name":"Gewerbeverein Ensheim e.V.","url":"http:\/\/66131ensheim.de\/wordpress\/","logo":{"@type":"ImageObject","inLanguage":"de","@id":"http:\/\/66131ensheim.de\/wordpress\/#\/schema\/logo\/image\/","url":"https:\/\/66131ensheim.de\/wordpress\/wp-content\/uploads\/2018\/07\/Aufkleber.jpg","contentUrl":"https:\/\/66131ensheim.de\/wordpress\/wp-content\/uploads\/2018\/07\/Aufkleber.jpg","width":1667,"height":1667,"caption":"Gewerbeverein Ensheim e.V."},"image":{"@id":"http:\/\/66131ensheim.de\/wordpress\/#\/schema\/logo\/image\/"},"sameAs":["https:\/\/www.facebook.com\/EnsheimSaar\/","https:\/\/www.instagram.com\/gewerbeverein.ensheim\/"]},{"@type":"Person","@id":"http:\/\/66131ensheim.de\/wordpress\/#\/schema\/person\/210ee9c63c5e30f18453372823a88de8","name":"Stefan Vogelgesang","image":{"@type":"ImageObject","inLanguage":"de","@id":"https:\/\/secure.gravatar.com\/avatar\/5633e4c0de8771818b0e2f3c72ef14f79d7bfd1aa794c0c5b5c7e17fe9ee3caa?s=96&d=mm&r=g","url":"https:\/\/secure.gravatar.com\/avatar\/5633e4c0de8771818b0e2f3c72ef14f79d7bfd1aa794c0c5b5c7e17fe9ee3caa?s=96&d=mm&r=g","contentUrl":"https:\/\/secure.gravatar.com\/avatar\/5633e4c0de8771818b0e2f3c72ef14f79d7bfd1aa794c0c5b5c7e17fe9ee3caa?s=96&d=mm&r=g","caption":"Stefan Vogelgesang"}}]}},"_links":{"self":[{"href":"http:\/\/66131ensheim.de\/wordpress\/wp-json\/wp\/v2\/posts\/3136","targetHints":{"allow":["GET"]}}],"collection":[{"href":"http:\/\/66131ensheim.de\/wordpress\/wp-json\/wp\/v2\/posts"}],"about":[{"href":"http:\/\/66131ensheim.de\/wordpress\/wp-json\/wp\/v2\/types\/post"}],"author":[{"embeddable":true,"href":"http:\/\/66131ensheim.de\/wordpress\/wp-json\/wp\/v2\/users\/1"}],"replies":[{"embeddable":true,"href":"http:\/\/66131ensheim.de\/wordpress\/wp-json\/wp\/v2\/comments?post=3136"}],"version-history":[{"count":5,"href":"http:\/\/66131ensheim.de\/wordpress\/wp-json\/wp\/v2\/posts\/3136\/revisions"}],"predecessor-version":[{"id":3646,"href":"http:\/\/66131ensheim.de\/wordpress\/wp-json\/wp\/v2\/posts\/3136\/revisions\/3646"}],"wp:featuredmedia":[{"embeddable":true,"href":"http:\/\/66131ensheim.de\/wordpress\/wp-json\/wp\/v2\/media\/2187"}],"wp:attachment":[{"href":"http:\/\/66131ensheim.de\/wordpress\/wp-json\/wp\/v2\/media?parent=3136"}],"wp:term":[{"taxonomy":"category","embeddable":true,"href":"http:\/\/66131ensheim.de\/wordpress\/wp-json\/wp\/v2\/categories?post=3136"},{"taxonomy":"post_tag","embeddable":true,"href":"http:\/\/66131ensheim.de\/wordpress\/wp-json\/wp\/v2\/tags?post=3136"}],"curies":[{"name":"wp","href":"https:\/\/api.w.org\/{rel}","templated":true}]}}