{"id":3300,"date":"2021-12-22T23:45:59","date_gmt":"2021-12-22T22:45:59","guid":{"rendered":"https:\/\/66131ensheim.de\/wordpress\/?p=3300"},"modified":"2021-12-22T23:46:02","modified_gmt":"2021-12-22T22:46:02","slug":"frohe-weihnachten","status":"publish","type":"post","link":"http:\/\/66131ensheim.de\/wordpress\/2021\/12\/22\/frohe-weihnachten\/","title":{"rendered":"Frohe Weihnachten"},"content":{"rendered":"\n<p>Das zur\u00fcckliegende Jahr war f\u00fcr manche Firmen sehr schwer. Einige hatten wochenlang den Laden nicht \u00f6ffnen d\u00fcrfen, andere bekamen durch die allgemeine Lage kaum Auftr\u00e4ge und wieder andere hatten das Problem der Warenverf\u00fcgbarkeit. Alles in allem keine einfache Lage.<\/p>\n\n\n\n<p>Auch der Ausblick nach Weihnachten verursacht durch die politischen Ideen bei manchen schon wieder Bauchweh.<\/p>\n\n\n\n<p>Trotzdem m\u00f6chte sich der Gewerbeverein stellvertretend f\u00fcr seine Mitglieder bei allen Kunden bedanken, die 2021 einen Mitgliedsbetrieb besucht oder ihn beauftragt haben. Bleiben Sie auch weiterhin der Ensheimer Gesch\u00e4ftswelt treu.<\/p>\n\n\n\n<p>Wir w\u00fcnschen Ihnen Frohe Weihnachten und ein gl\u00fcckliches und gesundes Jahr 2022.<\/p>\n","protected":false},"excerpt":{"rendered":"<p>Das zur\u00fcckliegende Jahr war f\u00fcr manche Firmen sehr schwer. Einige hatten wochenlang den Laden nicht \u00f6ffnen d\u00fcrfen, andere bekamen durch die allgemeine Lage kaum Auftr\u00e4ge und wieder andere hatten das Problem der Warenverf\u00fcgbarkeit. Alles in allem keine einfache Lage. Auch der Ausblick nach Weihnachten verursacht durch die politischen Ideen bei manchen schon wieder Bauchweh. Trotzdem m\u00f6chte sich der Gewerbeverein stellvertretend f\u00fcr seine Mitglieder bei allen Kunden bedanken, die 2021 einen Mitgliedsbetrieb besucht oder ihn beauftragt haben. Bleiben Sie auch weiterhin &#8230; <a title=\"Frohe Weihnachten\" class=\"read-more\" href=\"http:\/\/66131ensheim.de\/wordpress\/2021\/12\/22\/frohe-weihnachten\/\" aria-label=\"Mehr Informationen \u00fcber Frohe Weihnachten\">Weiter<\/a><\/p>\n","protected":false},"author":1,"featured_media":3301,"comment_status":"open","ping_status":"open","sticky":false,"template":"","format":"standard","meta":{"ngg_post_thumbnail":0,"generate_page_header":"","footnotes":""},"categories":[1],"tags":[],"class_list":["post-3300","post","type-post","status-publish","format-standard","has-post-thumbnail","hentry","category-allgemein","resize-featured-image"],"yoast_head":"<!-- This site is optimized with the Yoast SEO plugin v27.5 - https:\/\/yoast.com\/product\/yoast-seo-wordpress\/ -->\n<title>Frohe Weihnachten - Gewerbeverein Ensheim<\/title>\n<meta name=\"robots\" content=\"index, follow, max-snippet:-1, max-image-preview:large, max-video-preview:-1\" \/>\n<link rel=\"canonical\" href=\"http:\/\/66131ensheim.de\/wordpress\/2021\/12\/22\/frohe-weihnachten\/\" \/>\n<meta property=\"og:locale\" content=\"de_DE\" \/>\n<meta property=\"og:type\" content=\"article\" \/>\n<meta property=\"og:title\" content=\"Frohe Weihnachten - Gewerbeverein Ensheim\" \/>\n<meta property=\"og:description\" content=\"Das zur\u00fcckliegende Jahr war f\u00fcr manche Firmen sehr schwer. Einige hatten wochenlang den Laden nicht \u00f6ffnen d\u00fcrfen, andere bekamen durch die allgemeine Lage kaum Auftr\u00e4ge und wieder andere hatten das Problem der Warenverf\u00fcgbarkeit. Alles in allem keine einfache Lage. Auch der Ausblick nach Weihnachten verursacht durch die politischen Ideen bei manchen schon wieder Bauchweh. Trotzdem m\u00f6chte sich der Gewerbeverein stellvertretend f\u00fcr seine Mitglieder bei allen Kunden bedanken, die 2021 einen Mitgliedsbetrieb besucht oder ihn beauftragt haben. Bleiben Sie auch weiterhin ... Weiter\" \/>\n<meta property=\"og:url\" content=\"http:\/\/66131ensheim.de\/wordpress\/2021\/12\/22\/frohe-weihnachten\/\" \/>\n<meta property=\"og:site_name\" content=\"Gewerbeverein Ensheim\" \/>\n<meta property=\"article:publisher\" content=\"https:\/\/www.facebook.com\/EnsheimSaar\/\" \/>\n<meta property=\"article:published_time\" content=\"2021-12-22T22:45:59+00:00\" \/>\n<meta property=\"article:modified_time\" content=\"2021-12-22T22:46:02+00:00\" \/>\n<meta property=\"og:image\" content=\"http:\/\/66131ensheim.de\/wordpress\/wp-content\/uploads\/2021\/12\/2021_12_23.jpg\" \/>\n\t<meta property=\"og:image:width\" content=\"1200\" \/>\n\t<meta property=\"og:image:height\" content=\"1200\" \/>\n\t<meta property=\"og:image:type\" content=\"image\/jpeg\" \/>\n<meta name=\"author\" content=\"Stefan Vogelgesang\" \/>\n<meta name=\"twitter:card\" content=\"summary_large_image\" \/>\n<meta name=\"twitter:label1\" content=\"Verfasst von\" \/>\n\t<meta name=\"twitter:data1\" content=\"Stefan Vogelgesang\" \/>\n\t<meta name=\"twitter:label2\" content=\"Gesch\u00e4tzte Lesezeit\" \/>\n\t<meta name=\"twitter:data2\" content=\"1\u00a0Minute\" \/>\n<script type=\"application\/ld+json\" class=\"yoast-schema-graph\">{\"@context\":\"https:\\\/\\\/schema.org\",\"@graph\":[{\"@type\":\"Article\",\"@id\":\"http:\\\/\\\/66131ensheim.de\\\/wordpress\\\/2021\\\/12\\\/22\\\/frohe-weihnachten\\\/#article\",\"isPartOf\":{\"@id\":\"http:\\\/\\\/66131ensheim.de\\\/wordpress\\\/2021\\\/12\\\/22\\\/frohe-weihnachten\\\/\"},\"author\":{\"name\":\"Stefan Vogelgesang\",\"@id\":\"http:\\\/\\\/66131ensheim.de\\\/wordpress\\\/#\\\/schema\\\/person\\\/210ee9c63c5e30f18453372823a88de8\"},\"headline\":\"Frohe Weihnachten\",\"datePublished\":\"2021-12-22T22:45:59+00:00\",\"dateModified\":\"2021-12-22T22:46:02+00:00\",\"mainEntityOfPage\":{\"@id\":\"http:\\\/\\\/66131ensheim.de\\\/wordpress\\\/2021\\\/12\\\/22\\\/frohe-weihnachten\\\/\"},\"wordCount\":106,\"commentCount\":0,\"publisher\":{\"@id\":\"http:\\\/\\\/66131ensheim.de\\\/wordpress\\\/#organization\"},\"image\":{\"@id\":\"http:\\\/\\\/66131ensheim.de\\\/wordpress\\\/2021\\\/12\\\/22\\\/frohe-weihnachten\\\/#primaryimage\"},\"thumbnailUrl\":\"http:\\\/\\\/66131ensheim.de\\\/wordpress\\\/wp-content\\\/uploads\\\/2021\\\/12\\\/2021_12_23.jpg\",\"inLanguage\":\"de\",\"potentialAction\":[{\"@type\":\"CommentAction\",\"name\":\"Comment\",\"target\":[\"http:\\\/\\\/66131ensheim.de\\\/wordpress\\\/2021\\\/12\\\/22\\\/frohe-weihnachten\\\/#respond\"]}]},{\"@type\":\"WebPage\",\"@id\":\"http:\\\/\\\/66131ensheim.de\\\/wordpress\\\/2021\\\/12\\\/22\\\/frohe-weihnachten\\\/\",\"url\":\"http:\\\/\\\/66131ensheim.de\\\/wordpress\\\/2021\\\/12\\\/22\\\/frohe-weihnachten\\\/\",\"name\":\"Frohe Weihnachten - Gewerbeverein Ensheim\",\"isPartOf\":{\"@id\":\"http:\\\/\\\/66131ensheim.de\\\/wordpress\\\/#website\"},\"primaryImageOfPage\":{\"@id\":\"http:\\\/\\\/66131ensheim.de\\\/wordpress\\\/2021\\\/12\\\/22\\\/frohe-weihnachten\\\/#primaryimage\"},\"image\":{\"@id\":\"http:\\\/\\\/66131ensheim.de\\\/wordpress\\\/2021\\\/12\\\/22\\\/frohe-weihnachten\\\/#primaryimage\"},\"thumbnailUrl\":\"http:\\\/\\\/66131ensheim.de\\\/wordpress\\\/wp-content\\\/uploads\\\/2021\\\/12\\\/2021_12_23.jpg\",\"datePublished\":\"2021-12-22T22:45:59+00:00\",\"dateModified\":\"2021-12-22T22:46:02+00:00\",\"breadcrumb\":{\"@id\":\"http:\\\/\\\/66131ensheim.de\\\/wordpress\\\/2021\\\/12\\\/22\\\/frohe-weihnachten\\\/#breadcrumb\"},\"inLanguage\":\"de\",\"potentialAction\":[{\"@type\":\"ReadAction\",\"target\":[\"http:\\\/\\\/66131ensheim.de\\\/wordpress\\\/2021\\\/12\\\/22\\\/frohe-weihnachten\\\/\"]}]},{\"@type\":\"ImageObject\",\"inLanguage\":\"de\",\"@id\":\"http:\\\/\\\/66131ensheim.de\\\/wordpress\\\/2021\\\/12\\\/22\\\/frohe-weihnachten\\\/#primaryimage\",\"url\":\"http:\\\/\\\/66131ensheim.de\\\/wordpress\\\/wp-content\\\/uploads\\\/2021\\\/12\\\/2021_12_23.jpg\",\"contentUrl\":\"http:\\\/\\\/66131ensheim.de\\\/wordpress\\\/wp-content\\\/uploads\\\/2021\\\/12\\\/2021_12_23.jpg\",\"width\":1200,\"height\":1200},{\"@type\":\"BreadcrumbList\",\"@id\":\"http:\\\/\\\/66131ensheim.de\\\/wordpress\\\/2021\\\/12\\\/22\\\/frohe-weihnachten\\\/#breadcrumb\",\"itemListElement\":[{\"@type\":\"ListItem\",\"position\":1,\"name\":\"Startseite\",\"item\":\"http:\\\/\\\/66131ensheim.de\\\/wordpress\\\/\"},{\"@type\":\"ListItem\",\"position\":2,\"name\":\"Frohe Weihnachten\"}]},{\"@type\":\"WebSite\",\"@id\":\"http:\\\/\\\/66131ensheim.de\\\/wordpress\\\/#website\",\"url\":\"http:\\\/\\\/66131ensheim.de\\\/wordpress\\\/\",\"name\":\"Gewerbeverein Ensheim\",\"description\":\"\",\"publisher\":{\"@id\":\"http:\\\/\\\/66131ensheim.de\\\/wordpress\\\/#organization\"},\"potentialAction\":[{\"@type\":\"SearchAction\",\"target\":{\"@type\":\"EntryPoint\",\"urlTemplate\":\"http:\\\/\\\/66131ensheim.de\\\/wordpress\\\/?s={search_term_string}\"},\"query-input\":{\"@type\":\"PropertyValueSpecification\",\"valueRequired\":true,\"valueName\":\"search_term_string\"}}],\"inLanguage\":\"de\"},{\"@type\":\"Organization\",\"@id\":\"http:\\\/\\\/66131ensheim.de\\\/wordpress\\\/#organization\",\"name\":\"Gewerbeverein Ensheim e.V.\",\"url\":\"http:\\\/\\\/66131ensheim.de\\\/wordpress\\\/\",\"logo\":{\"@type\":\"ImageObject\",\"inLanguage\":\"de\",\"@id\":\"http:\\\/\\\/66131ensheim.de\\\/wordpress\\\/#\\\/schema\\\/logo\\\/image\\\/\",\"url\":\"https:\\\/\\\/66131ensheim.de\\\/wordpress\\\/wp-content\\\/uploads\\\/2018\\\/07\\\/Aufkleber.jpg\",\"contentUrl\":\"https:\\\/\\\/66131ensheim.de\\\/wordpress\\\/wp-content\\\/uploads\\\/2018\\\/07\\\/Aufkleber.jpg\",\"width\":1667,\"height\":1667,\"caption\":\"Gewerbeverein Ensheim e.V.\"},\"image\":{\"@id\":\"http:\\\/\\\/66131ensheim.de\\\/wordpress\\\/#\\\/schema\\\/logo\\\/image\\\/\"},\"sameAs\":[\"https:\\\/\\\/www.facebook.com\\\/EnsheimSaar\\\/\",\"https:\\\/\\\/www.instagram.com\\\/gewerbeverein.ensheim\\\/\"]},{\"@type\":\"Person\",\"@id\":\"http:\\\/\\\/66131ensheim.de\\\/wordpress\\\/#\\\/schema\\\/person\\\/210ee9c63c5e30f18453372823a88de8\",\"name\":\"Stefan Vogelgesang\",\"image\":{\"@type\":\"ImageObject\",\"inLanguage\":\"de\",\"@id\":\"https:\\\/\\\/secure.gravatar.com\\\/avatar\\\/5633e4c0de8771818b0e2f3c72ef14f79d7bfd1aa794c0c5b5c7e17fe9ee3caa?s=96&d=mm&r=g\",\"url\":\"https:\\\/\\\/secure.gravatar.com\\\/avatar\\\/5633e4c0de8771818b0e2f3c72ef14f79d7bfd1aa794c0c5b5c7e17fe9ee3caa?s=96&d=mm&r=g\",\"contentUrl\":\"https:\\\/\\\/secure.gravatar.com\\\/avatar\\\/5633e4c0de8771818b0e2f3c72ef14f79d7bfd1aa794c0c5b5c7e17fe9ee3caa?s=96&d=mm&r=g\",\"caption\":\"Stefan Vogelgesang\"}}]}<\/script>\n<!-- \/ Yoast SEO plugin. -->","yoast_head_json":{"title":"Frohe Weihnachten - Gewerbeverein Ensheim","robots":{"index":"index","follow":"follow","max-snippet":"max-snippet:-1","max-image-preview":"max-image-preview:large","max-video-preview":"max-video-preview:-1"},"canonical":"http:\/\/66131ensheim.de\/wordpress\/2021\/12\/22\/frohe-weihnachten\/","og_locale":"de_DE","og_type":"article","og_title":"Frohe Weihnachten - Gewerbeverein Ensheim","og_description":"Das zur\u00fcckliegende Jahr war f\u00fcr manche Firmen sehr schwer. Einige hatten wochenlang den Laden nicht \u00f6ffnen d\u00fcrfen, andere bekamen durch die allgemeine Lage kaum Auftr\u00e4ge und wieder andere hatten das Problem der Warenverf\u00fcgbarkeit. Alles in allem keine einfache Lage. Auch der Ausblick nach Weihnachten verursacht durch die politischen Ideen bei manchen schon wieder Bauchweh. Trotzdem m\u00f6chte sich der Gewerbeverein stellvertretend f\u00fcr seine Mitglieder bei allen Kunden bedanken, die 2021 einen Mitgliedsbetrieb besucht oder ihn beauftragt haben. Bleiben Sie auch weiterhin ... Weiter","og_url":"http:\/\/66131ensheim.de\/wordpress\/2021\/12\/22\/frohe-weihnachten\/","og_site_name":"Gewerbeverein Ensheim","article_publisher":"https:\/\/www.facebook.com\/EnsheimSaar\/","article_published_time":"2021-12-22T22:45:59+00:00","article_modified_time":"2021-12-22T22:46:02+00:00","og_image":[{"width":1200,"height":1200,"url":"http:\/\/66131ensheim.de\/wordpress\/wp-content\/uploads\/2021\/12\/2021_12_23.jpg","type":"image\/jpeg"}],"author":"Stefan Vogelgesang","twitter_card":"summary_large_image","twitter_misc":{"Verfasst von":"Stefan Vogelgesang","Gesch\u00e4tzte Lesezeit":"1\u00a0Minute"},"schema":{"@context":"https:\/\/schema.org","@graph":[{"@type":"Article","@id":"http:\/\/66131ensheim.de\/wordpress\/2021\/12\/22\/frohe-weihnachten\/#article","isPartOf":{"@id":"http:\/\/66131ensheim.de\/wordpress\/2021\/12\/22\/frohe-weihnachten\/"},"author":{"name":"Stefan Vogelgesang","@id":"http:\/\/66131ensheim.de\/wordpress\/#\/schema\/person\/210ee9c63c5e30f18453372823a88de8"},"headline":"Frohe Weihnachten","datePublished":"2021-12-22T22:45:59+00:00","dateModified":"2021-12-22T22:46:02+00:00","mainEntityOfPage":{"@id":"http:\/\/66131ensheim.de\/wordpress\/2021\/12\/22\/frohe-weihnachten\/"},"wordCount":106,"commentCount":0,"publisher":{"@id":"http:\/\/66131ensheim.de\/wordpress\/#organization"},"image":{"@id":"http:\/\/66131ensheim.de\/wordpress\/2021\/12\/22\/frohe-weihnachten\/#primaryimage"},"thumbnailUrl":"http:\/\/66131ensheim.de\/wordpress\/wp-content\/uploads\/2021\/12\/2021_12_23.jpg","inLanguage":"de","potentialAction":[{"@type":"CommentAction","name":"Comment","target":["http:\/\/66131ensheim.de\/wordpress\/2021\/12\/22\/frohe-weihnachten\/#respond"]}]},{"@type":"WebPage","@id":"http:\/\/66131ensheim.de\/wordpress\/2021\/12\/22\/frohe-weihnachten\/","url":"http:\/\/66131ensheim.de\/wordpress\/2021\/12\/22\/frohe-weihnachten\/","name":"Frohe Weihnachten - Gewerbeverein Ensheim","isPartOf":{"@id":"http:\/\/66131ensheim.de\/wordpress\/#website"},"primaryImageOfPage":{"@id":"http:\/\/66131ensheim.de\/wordpress\/2021\/12\/22\/frohe-weihnachten\/#primaryimage"},"image":{"@id":"http:\/\/66131ensheim.de\/wordpress\/2021\/12\/22\/frohe-weihnachten\/#primaryimage"},"thumbnailUrl":"http:\/\/66131ensheim.de\/wordpress\/wp-content\/uploads\/2021\/12\/2021_12_23.jpg","datePublished":"2021-12-22T22:45:59+00:00","dateModified":"2021-12-22T22:46:02+00:00","breadcrumb":{"@id":"http:\/\/66131ensheim.de\/wordpress\/2021\/12\/22\/frohe-weihnachten\/#breadcrumb"},"inLanguage":"de","potentialAction":[{"@type":"ReadAction","target":["http:\/\/66131ensheim.de\/wordpress\/2021\/12\/22\/frohe-weihnachten\/"]}]},{"@type":"ImageObject","inLanguage":"de","@id":"http:\/\/66131ensheim.de\/wordpress\/2021\/12\/22\/frohe-weihnachten\/#primaryimage","url":"http:\/\/66131ensheim.de\/wordpress\/wp-content\/uploads\/2021\/12\/2021_12_23.jpg","contentUrl":"http:\/\/66131ensheim.de\/wordpress\/wp-content\/uploads\/2021\/12\/2021_12_23.jpg","width":1200,"height":1200},{"@type":"BreadcrumbList","@id":"http:\/\/66131ensheim.de\/wordpress\/2021\/12\/22\/frohe-weihnachten\/#breadcrumb","itemListElement":[{"@type":"ListItem","position":1,"name":"Startseite","item":"http:\/\/66131ensheim.de\/wordpress\/"},{"@type":"ListItem","position":2,"name":"Frohe Weihnachten"}]},{"@type":"WebSite","@id":"http:\/\/66131ensheim.de\/wordpress\/#website","url":"http:\/\/66131ensheim.de\/wordpress\/","name":"Gewerbeverein Ensheim","description":"","publisher":{"@id":"http:\/\/66131ensheim.de\/wordpress\/#organization"},"potentialAction":[{"@type":"SearchAction","target":{"@type":"EntryPoint","urlTemplate":"http:\/\/66131ensheim.de\/wordpress\/?s={search_term_string}"},"query-input":{"@type":"PropertyValueSpecification","valueRequired":true,"valueName":"search_term_string"}}],"inLanguage":"de"},{"@type":"Organization","@id":"http:\/\/66131ensheim.de\/wordpress\/#organization","name":"Gewerbeverein Ensheim e.V.","url":"http:\/\/66131ensheim.de\/wordpress\/","logo":{"@type":"ImageObject","inLanguage":"de","@id":"http:\/\/66131ensheim.de\/wordpress\/#\/schema\/logo\/image\/","url":"https:\/\/66131ensheim.de\/wordpress\/wp-content\/uploads\/2018\/07\/Aufkleber.jpg","contentUrl":"https:\/\/66131ensheim.de\/wordpress\/wp-content\/uploads\/2018\/07\/Aufkleber.jpg","width":1667,"height":1667,"caption":"Gewerbeverein Ensheim e.V."},"image":{"@id":"http:\/\/66131ensheim.de\/wordpress\/#\/schema\/logo\/image\/"},"sameAs":["https:\/\/www.facebook.com\/EnsheimSaar\/","https:\/\/www.instagram.com\/gewerbeverein.ensheim\/"]},{"@type":"Person","@id":"http:\/\/66131ensheim.de\/wordpress\/#\/schema\/person\/210ee9c63c5e30f18453372823a88de8","name":"Stefan Vogelgesang","image":{"@type":"ImageObject","inLanguage":"de","@id":"https:\/\/secure.gravatar.com\/avatar\/5633e4c0de8771818b0e2f3c72ef14f79d7bfd1aa794c0c5b5c7e17fe9ee3caa?s=96&d=mm&r=g","url":"https:\/\/secure.gravatar.com\/avatar\/5633e4c0de8771818b0e2f3c72ef14f79d7bfd1aa794c0c5b5c7e17fe9ee3caa?s=96&d=mm&r=g","contentUrl":"https:\/\/secure.gravatar.com\/avatar\/5633e4c0de8771818b0e2f3c72ef14f79d7bfd1aa794c0c5b5c7e17fe9ee3caa?s=96&d=mm&r=g","caption":"Stefan Vogelgesang"}}]}},"_links":{"self":[{"href":"http:\/\/66131ensheim.de\/wordpress\/wp-json\/wp\/v2\/posts\/3300","targetHints":{"allow":["GET"]}}],"collection":[{"href":"http:\/\/66131ensheim.de\/wordpress\/wp-json\/wp\/v2\/posts"}],"about":[{"href":"http:\/\/66131ensheim.de\/wordpress\/wp-json\/wp\/v2\/types\/post"}],"author":[{"embeddable":true,"href":"http:\/\/66131ensheim.de\/wordpress\/wp-json\/wp\/v2\/users\/1"}],"replies":[{"embeddable":true,"href":"http:\/\/66131ensheim.de\/wordpress\/wp-json\/wp\/v2\/comments?post=3300"}],"version-history":[{"count":1,"href":"http:\/\/66131ensheim.de\/wordpress\/wp-json\/wp\/v2\/posts\/3300\/revisions"}],"predecessor-version":[{"id":3302,"href":"http:\/\/66131ensheim.de\/wordpress\/wp-json\/wp\/v2\/posts\/3300\/revisions\/3302"}],"wp:featuredmedia":[{"embeddable":true,"href":"http:\/\/66131ensheim.de\/wordpress\/wp-json\/wp\/v2\/media\/3301"}],"wp:attachment":[{"href":"http:\/\/66131ensheim.de\/wordpress\/wp-json\/wp\/v2\/media?parent=3300"}],"wp:term":[{"taxonomy":"category","embeddable":true,"href":"http:\/\/66131ensheim.de\/wordpress\/wp-json\/wp\/v2\/categories?post=3300"},{"taxonomy":"post_tag","embeddable":true,"href":"http:\/\/66131ensheim.de\/wordpress\/wp-json\/wp\/v2\/tags?post=3300"}],"curies":[{"name":"wp","href":"https:\/\/api.w.org\/{rel}","templated":true}]}}