{"id":3309,"date":"2022-03-21T11:55:40","date_gmt":"2022-03-21T10:55:40","guid":{"rendered":"https:\/\/66131ensheim.de\/wordpress\/?p=3309"},"modified":"2023-07-28T17:42:57","modified_gmt":"2023-07-28T15:42:57","slug":"ensheim-zum-heimat-shoppen-2022-angemeldet","status":"publish","type":"post","link":"http:\/\/66131ensheim.de\/wordpress\/2022\/03\/21\/ensheim-zum-heimat-shoppen-2022-angemeldet\/","title":{"rendered":"Ensheim zum Heimat Shoppen 2022 angemeldet"},"content":{"rendered":"\n<p>Heimat Shoppen, organisiert von der IHK, und in Ensheim umgesetzt durch den Gewerbeverein findet auch dieses Jahr wieder statt. Am 9. und 10. September warten die Ensheimer Gesch\u00e4fte wieder mit besonderen Aktionen auf Sie.<\/p>\n\n\n\n<p>Der Gewerbeverein ist bereits an der Vorarbeit. Wer als Gesch\u00e4ft mitmachen m\u00f6chte kann sich bereits jetzt unter handel(at)66131ensheim.de bei uns melden.<\/p>\n","protected":false},"excerpt":{"rendered":"<p>Heimat Shoppen, organisiert von der IHK, und in Ensheim umgesetzt durch den Gewerbeverein findet auch dieses Jahr wieder statt. Am 9. und 10. September warten die Ensheimer Gesch\u00e4fte wieder mit besonderen Aktionen auf Sie. Der Gewerbeverein ist bereits an der Vorarbeit. Wer als Gesch\u00e4ft mitmachen m\u00f6chte kann sich bereits jetzt unter handel(at)66131ensheim.de bei uns melden.<\/p>\n","protected":false},"author":1,"featured_media":99,"comment_status":"open","ping_status":"open","sticky":false,"template":"","format":"standard","meta":{"ngg_post_thumbnail":0,"generate_page_header":"","footnotes":""},"categories":[1],"tags":[],"class_list":["post-3309","post","type-post","status-publish","format-standard","has-post-thumbnail","hentry","category-allgemein","resize-featured-image"],"yoast_head":"<!-- This site is optimized with the Yoast SEO plugin v27.5 - https:\/\/yoast.com\/product\/yoast-seo-wordpress\/ -->\n<title>Ensheim zum Heimat Shoppen 2022 angemeldet - Gewerbeverein Ensheim<\/title>\n<meta name=\"robots\" content=\"index, follow, max-snippet:-1, max-image-preview:large, max-video-preview:-1\" \/>\n<link rel=\"canonical\" href=\"http:\/\/66131ensheim.de\/wordpress\/2022\/03\/21\/ensheim-zum-heimat-shoppen-2022-angemeldet\/\" \/>\n<meta property=\"og:locale\" content=\"de_DE\" \/>\n<meta property=\"og:type\" content=\"article\" \/>\n<meta property=\"og:title\" content=\"Ensheim zum Heimat Shoppen 2022 angemeldet - Gewerbeverein Ensheim\" \/>\n<meta property=\"og:description\" content=\"Heimat Shoppen, organisiert von der IHK, und in Ensheim umgesetzt durch den Gewerbeverein findet auch dieses Jahr wieder statt. Am 9. und 10. September warten die Ensheimer Gesch\u00e4fte wieder mit besonderen Aktionen auf Sie. Der Gewerbeverein ist bereits an der Vorarbeit. Wer als Gesch\u00e4ft mitmachen m\u00f6chte kann sich bereits jetzt unter handel(at)66131ensheim.de bei uns melden.\" \/>\n<meta property=\"og:url\" content=\"http:\/\/66131ensheim.de\/wordpress\/2022\/03\/21\/ensheim-zum-heimat-shoppen-2022-angemeldet\/\" \/>\n<meta property=\"og:site_name\" content=\"Gewerbeverein Ensheim\" \/>\n<meta property=\"article:publisher\" content=\"https:\/\/www.facebook.com\/EnsheimSaar\/\" \/>\n<meta property=\"article:published_time\" content=\"2022-03-21T10:55:40+00:00\" \/>\n<meta property=\"article:modified_time\" content=\"2023-07-28T15:42:57+00:00\" \/>\n<meta property=\"og:image\" content=\"http:\/\/66131ensheim.de\/wordpress\/wp-content\/uploads\/2017\/08\/Heimatshoppen.jpg\" \/>\n\t<meta property=\"og:image:width\" content=\"945\" \/>\n\t<meta property=\"og:image:height\" content=\"945\" \/>\n\t<meta property=\"og:image:type\" content=\"image\/jpeg\" \/>\n<meta name=\"author\" content=\"Stefan Vogelgesang\" \/>\n<meta name=\"twitter:card\" content=\"summary_large_image\" \/>\n<meta name=\"twitter:label1\" content=\"Verfasst von\" \/>\n\t<meta name=\"twitter:data1\" content=\"Stefan Vogelgesang\" \/>\n\t<meta name=\"twitter:label2\" content=\"Gesch\u00e4tzte Lesezeit\" \/>\n\t<meta name=\"twitter:data2\" content=\"1\u00a0Minute\" \/>\n<script type=\"application\/ld+json\" class=\"yoast-schema-graph\">{\"@context\":\"https:\\\/\\\/schema.org\",\"@graph\":[{\"@type\":\"Article\",\"@id\":\"http:\\\/\\\/66131ensheim.de\\\/wordpress\\\/2022\\\/03\\\/21\\\/ensheim-zum-heimat-shoppen-2022-angemeldet\\\/#article\",\"isPartOf\":{\"@id\":\"http:\\\/\\\/66131ensheim.de\\\/wordpress\\\/2022\\\/03\\\/21\\\/ensheim-zum-heimat-shoppen-2022-angemeldet\\\/\"},\"author\":{\"name\":\"Stefan Vogelgesang\",\"@id\":\"http:\\\/\\\/66131ensheim.de\\\/wordpress\\\/#\\\/schema\\\/person\\\/210ee9c63c5e30f18453372823a88de8\"},\"headline\":\"Ensheim zum Heimat Shoppen 2022 angemeldet\",\"datePublished\":\"2022-03-21T10:55:40+00:00\",\"dateModified\":\"2023-07-28T15:42:57+00:00\",\"mainEntityOfPage\":{\"@id\":\"http:\\\/\\\/66131ensheim.de\\\/wordpress\\\/2022\\\/03\\\/21\\\/ensheim-zum-heimat-shoppen-2022-angemeldet\\\/\"},\"wordCount\":64,\"commentCount\":0,\"publisher\":{\"@id\":\"http:\\\/\\\/66131ensheim.de\\\/wordpress\\\/#organization\"},\"image\":{\"@id\":\"http:\\\/\\\/66131ensheim.de\\\/wordpress\\\/2022\\\/03\\\/21\\\/ensheim-zum-heimat-shoppen-2022-angemeldet\\\/#primaryimage\"},\"thumbnailUrl\":\"http:\\\/\\\/66131ensheim.de\\\/wordpress\\\/wp-content\\\/uploads\\\/2017\\\/08\\\/Heimatshoppen.jpg\",\"inLanguage\":\"de\",\"potentialAction\":[{\"@type\":\"CommentAction\",\"name\":\"Comment\",\"target\":[\"http:\\\/\\\/66131ensheim.de\\\/wordpress\\\/2022\\\/03\\\/21\\\/ensheim-zum-heimat-shoppen-2022-angemeldet\\\/#respond\"]}]},{\"@type\":\"WebPage\",\"@id\":\"http:\\\/\\\/66131ensheim.de\\\/wordpress\\\/2022\\\/03\\\/21\\\/ensheim-zum-heimat-shoppen-2022-angemeldet\\\/\",\"url\":\"http:\\\/\\\/66131ensheim.de\\\/wordpress\\\/2022\\\/03\\\/21\\\/ensheim-zum-heimat-shoppen-2022-angemeldet\\\/\",\"name\":\"Ensheim zum Heimat Shoppen 2022 angemeldet - Gewerbeverein Ensheim\",\"isPartOf\":{\"@id\":\"http:\\\/\\\/66131ensheim.de\\\/wordpress\\\/#website\"},\"primaryImageOfPage\":{\"@id\":\"http:\\\/\\\/66131ensheim.de\\\/wordpress\\\/2022\\\/03\\\/21\\\/ensheim-zum-heimat-shoppen-2022-angemeldet\\\/#primaryimage\"},\"image\":{\"@id\":\"http:\\\/\\\/66131ensheim.de\\\/wordpress\\\/2022\\\/03\\\/21\\\/ensheim-zum-heimat-shoppen-2022-angemeldet\\\/#primaryimage\"},\"thumbnailUrl\":\"http:\\\/\\\/66131ensheim.de\\\/wordpress\\\/wp-content\\\/uploads\\\/2017\\\/08\\\/Heimatshoppen.jpg\",\"datePublished\":\"2022-03-21T10:55:40+00:00\",\"dateModified\":\"2023-07-28T15:42:57+00:00\",\"breadcrumb\":{\"@id\":\"http:\\\/\\\/66131ensheim.de\\\/wordpress\\\/2022\\\/03\\\/21\\\/ensheim-zum-heimat-shoppen-2022-angemeldet\\\/#breadcrumb\"},\"inLanguage\":\"de\",\"potentialAction\":[{\"@type\":\"ReadAction\",\"target\":[\"http:\\\/\\\/66131ensheim.de\\\/wordpress\\\/2022\\\/03\\\/21\\\/ensheim-zum-heimat-shoppen-2022-angemeldet\\\/\"]}]},{\"@type\":\"ImageObject\",\"inLanguage\":\"de\",\"@id\":\"http:\\\/\\\/66131ensheim.de\\\/wordpress\\\/2022\\\/03\\\/21\\\/ensheim-zum-heimat-shoppen-2022-angemeldet\\\/#primaryimage\",\"url\":\"http:\\\/\\\/66131ensheim.de\\\/wordpress\\\/wp-content\\\/uploads\\\/2017\\\/08\\\/Heimatshoppen.jpg\",\"contentUrl\":\"http:\\\/\\\/66131ensheim.de\\\/wordpress\\\/wp-content\\\/uploads\\\/2017\\\/08\\\/Heimatshoppen.jpg\",\"width\":945,\"height\":945},{\"@type\":\"BreadcrumbList\",\"@id\":\"http:\\\/\\\/66131ensheim.de\\\/wordpress\\\/2022\\\/03\\\/21\\\/ensheim-zum-heimat-shoppen-2022-angemeldet\\\/#breadcrumb\",\"itemListElement\":[{\"@type\":\"ListItem\",\"position\":1,\"name\":\"Startseite\",\"item\":\"http:\\\/\\\/66131ensheim.de\\\/wordpress\\\/\"},{\"@type\":\"ListItem\",\"position\":2,\"name\":\"Ensheim zum Heimat Shoppen 2022 angemeldet\"}]},{\"@type\":\"WebSite\",\"@id\":\"http:\\\/\\\/66131ensheim.de\\\/wordpress\\\/#website\",\"url\":\"http:\\\/\\\/66131ensheim.de\\\/wordpress\\\/\",\"name\":\"Gewerbeverein Ensheim\",\"description\":\"\",\"publisher\":{\"@id\":\"http:\\\/\\\/66131ensheim.de\\\/wordpress\\\/#organization\"},\"potentialAction\":[{\"@type\":\"SearchAction\",\"target\":{\"@type\":\"EntryPoint\",\"urlTemplate\":\"http:\\\/\\\/66131ensheim.de\\\/wordpress\\\/?s={search_term_string}\"},\"query-input\":{\"@type\":\"PropertyValueSpecification\",\"valueRequired\":true,\"valueName\":\"search_term_string\"}}],\"inLanguage\":\"de\"},{\"@type\":\"Organization\",\"@id\":\"http:\\\/\\\/66131ensheim.de\\\/wordpress\\\/#organization\",\"name\":\"Gewerbeverein Ensheim e.V.\",\"url\":\"http:\\\/\\\/66131ensheim.de\\\/wordpress\\\/\",\"logo\":{\"@type\":\"ImageObject\",\"inLanguage\":\"de\",\"@id\":\"http:\\\/\\\/66131ensheim.de\\\/wordpress\\\/#\\\/schema\\\/logo\\\/image\\\/\",\"url\":\"https:\\\/\\\/66131ensheim.de\\\/wordpress\\\/wp-content\\\/uploads\\\/2018\\\/07\\\/Aufkleber.jpg\",\"contentUrl\":\"https:\\\/\\\/66131ensheim.de\\\/wordpress\\\/wp-content\\\/uploads\\\/2018\\\/07\\\/Aufkleber.jpg\",\"width\":1667,\"height\":1667,\"caption\":\"Gewerbeverein Ensheim e.V.\"},\"image\":{\"@id\":\"http:\\\/\\\/66131ensheim.de\\\/wordpress\\\/#\\\/schema\\\/logo\\\/image\\\/\"},\"sameAs\":[\"https:\\\/\\\/www.facebook.com\\\/EnsheimSaar\\\/\",\"https:\\\/\\\/www.instagram.com\\\/gewerbeverein.ensheim\\\/\"]},{\"@type\":\"Person\",\"@id\":\"http:\\\/\\\/66131ensheim.de\\\/wordpress\\\/#\\\/schema\\\/person\\\/210ee9c63c5e30f18453372823a88de8\",\"name\":\"Stefan Vogelgesang\",\"image\":{\"@type\":\"ImageObject\",\"inLanguage\":\"de\",\"@id\":\"https:\\\/\\\/secure.gravatar.com\\\/avatar\\\/5633e4c0de8771818b0e2f3c72ef14f79d7bfd1aa794c0c5b5c7e17fe9ee3caa?s=96&d=mm&r=g\",\"url\":\"https:\\\/\\\/secure.gravatar.com\\\/avatar\\\/5633e4c0de8771818b0e2f3c72ef14f79d7bfd1aa794c0c5b5c7e17fe9ee3caa?s=96&d=mm&r=g\",\"contentUrl\":\"https:\\\/\\\/secure.gravatar.com\\\/avatar\\\/5633e4c0de8771818b0e2f3c72ef14f79d7bfd1aa794c0c5b5c7e17fe9ee3caa?s=96&d=mm&r=g\",\"caption\":\"Stefan Vogelgesang\"}}]}<\/script>\n<!-- \/ Yoast SEO plugin. -->","yoast_head_json":{"title":"Ensheim zum Heimat Shoppen 2022 angemeldet - Gewerbeverein Ensheim","robots":{"index":"index","follow":"follow","max-snippet":"max-snippet:-1","max-image-preview":"max-image-preview:large","max-video-preview":"max-video-preview:-1"},"canonical":"http:\/\/66131ensheim.de\/wordpress\/2022\/03\/21\/ensheim-zum-heimat-shoppen-2022-angemeldet\/","og_locale":"de_DE","og_type":"article","og_title":"Ensheim zum Heimat Shoppen 2022 angemeldet - Gewerbeverein Ensheim","og_description":"Heimat Shoppen, organisiert von der IHK, und in Ensheim umgesetzt durch den Gewerbeverein findet auch dieses Jahr wieder statt. Am 9. und 10. September warten die Ensheimer Gesch\u00e4fte wieder mit besonderen Aktionen auf Sie. Der Gewerbeverein ist bereits an der Vorarbeit. Wer als Gesch\u00e4ft mitmachen m\u00f6chte kann sich bereits jetzt unter handel(at)66131ensheim.de bei uns melden.","og_url":"http:\/\/66131ensheim.de\/wordpress\/2022\/03\/21\/ensheim-zum-heimat-shoppen-2022-angemeldet\/","og_site_name":"Gewerbeverein Ensheim","article_publisher":"https:\/\/www.facebook.com\/EnsheimSaar\/","article_published_time":"2022-03-21T10:55:40+00:00","article_modified_time":"2023-07-28T15:42:57+00:00","og_image":[{"width":945,"height":945,"url":"http:\/\/66131ensheim.de\/wordpress\/wp-content\/uploads\/2017\/08\/Heimatshoppen.jpg","type":"image\/jpeg"}],"author":"Stefan Vogelgesang","twitter_card":"summary_large_image","twitter_misc":{"Verfasst von":"Stefan Vogelgesang","Gesch\u00e4tzte Lesezeit":"1\u00a0Minute"},"schema":{"@context":"https:\/\/schema.org","@graph":[{"@type":"Article","@id":"http:\/\/66131ensheim.de\/wordpress\/2022\/03\/21\/ensheim-zum-heimat-shoppen-2022-angemeldet\/#article","isPartOf":{"@id":"http:\/\/66131ensheim.de\/wordpress\/2022\/03\/21\/ensheim-zum-heimat-shoppen-2022-angemeldet\/"},"author":{"name":"Stefan Vogelgesang","@id":"http:\/\/66131ensheim.de\/wordpress\/#\/schema\/person\/210ee9c63c5e30f18453372823a88de8"},"headline":"Ensheim zum Heimat Shoppen 2022 angemeldet","datePublished":"2022-03-21T10:55:40+00:00","dateModified":"2023-07-28T15:42:57+00:00","mainEntityOfPage":{"@id":"http:\/\/66131ensheim.de\/wordpress\/2022\/03\/21\/ensheim-zum-heimat-shoppen-2022-angemeldet\/"},"wordCount":64,"commentCount":0,"publisher":{"@id":"http:\/\/66131ensheim.de\/wordpress\/#organization"},"image":{"@id":"http:\/\/66131ensheim.de\/wordpress\/2022\/03\/21\/ensheim-zum-heimat-shoppen-2022-angemeldet\/#primaryimage"},"thumbnailUrl":"http:\/\/66131ensheim.de\/wordpress\/wp-content\/uploads\/2017\/08\/Heimatshoppen.jpg","inLanguage":"de","potentialAction":[{"@type":"CommentAction","name":"Comment","target":["http:\/\/66131ensheim.de\/wordpress\/2022\/03\/21\/ensheim-zum-heimat-shoppen-2022-angemeldet\/#respond"]}]},{"@type":"WebPage","@id":"http:\/\/66131ensheim.de\/wordpress\/2022\/03\/21\/ensheim-zum-heimat-shoppen-2022-angemeldet\/","url":"http:\/\/66131ensheim.de\/wordpress\/2022\/03\/21\/ensheim-zum-heimat-shoppen-2022-angemeldet\/","name":"Ensheim zum Heimat Shoppen 2022 angemeldet - Gewerbeverein Ensheim","isPartOf":{"@id":"http:\/\/66131ensheim.de\/wordpress\/#website"},"primaryImageOfPage":{"@id":"http:\/\/66131ensheim.de\/wordpress\/2022\/03\/21\/ensheim-zum-heimat-shoppen-2022-angemeldet\/#primaryimage"},"image":{"@id":"http:\/\/66131ensheim.de\/wordpress\/2022\/03\/21\/ensheim-zum-heimat-shoppen-2022-angemeldet\/#primaryimage"},"thumbnailUrl":"http:\/\/66131ensheim.de\/wordpress\/wp-content\/uploads\/2017\/08\/Heimatshoppen.jpg","datePublished":"2022-03-21T10:55:40+00:00","dateModified":"2023-07-28T15:42:57+00:00","breadcrumb":{"@id":"http:\/\/66131ensheim.de\/wordpress\/2022\/03\/21\/ensheim-zum-heimat-shoppen-2022-angemeldet\/#breadcrumb"},"inLanguage":"de","potentialAction":[{"@type":"ReadAction","target":["http:\/\/66131ensheim.de\/wordpress\/2022\/03\/21\/ensheim-zum-heimat-shoppen-2022-angemeldet\/"]}]},{"@type":"ImageObject","inLanguage":"de","@id":"http:\/\/66131ensheim.de\/wordpress\/2022\/03\/21\/ensheim-zum-heimat-shoppen-2022-angemeldet\/#primaryimage","url":"http:\/\/66131ensheim.de\/wordpress\/wp-content\/uploads\/2017\/08\/Heimatshoppen.jpg","contentUrl":"http:\/\/66131ensheim.de\/wordpress\/wp-content\/uploads\/2017\/08\/Heimatshoppen.jpg","width":945,"height":945},{"@type":"BreadcrumbList","@id":"http:\/\/66131ensheim.de\/wordpress\/2022\/03\/21\/ensheim-zum-heimat-shoppen-2022-angemeldet\/#breadcrumb","itemListElement":[{"@type":"ListItem","position":1,"name":"Startseite","item":"http:\/\/66131ensheim.de\/wordpress\/"},{"@type":"ListItem","position":2,"name":"Ensheim zum Heimat Shoppen 2022 angemeldet"}]},{"@type":"WebSite","@id":"http:\/\/66131ensheim.de\/wordpress\/#website","url":"http:\/\/66131ensheim.de\/wordpress\/","name":"Gewerbeverein Ensheim","description":"","publisher":{"@id":"http:\/\/66131ensheim.de\/wordpress\/#organization"},"potentialAction":[{"@type":"SearchAction","target":{"@type":"EntryPoint","urlTemplate":"http:\/\/66131ensheim.de\/wordpress\/?s={search_term_string}"},"query-input":{"@type":"PropertyValueSpecification","valueRequired":true,"valueName":"search_term_string"}}],"inLanguage":"de"},{"@type":"Organization","@id":"http:\/\/66131ensheim.de\/wordpress\/#organization","name":"Gewerbeverein Ensheim e.V.","url":"http:\/\/66131ensheim.de\/wordpress\/","logo":{"@type":"ImageObject","inLanguage":"de","@id":"http:\/\/66131ensheim.de\/wordpress\/#\/schema\/logo\/image\/","url":"https:\/\/66131ensheim.de\/wordpress\/wp-content\/uploads\/2018\/07\/Aufkleber.jpg","contentUrl":"https:\/\/66131ensheim.de\/wordpress\/wp-content\/uploads\/2018\/07\/Aufkleber.jpg","width":1667,"height":1667,"caption":"Gewerbeverein Ensheim e.V."},"image":{"@id":"http:\/\/66131ensheim.de\/wordpress\/#\/schema\/logo\/image\/"},"sameAs":["https:\/\/www.facebook.com\/EnsheimSaar\/","https:\/\/www.instagram.com\/gewerbeverein.ensheim\/"]},{"@type":"Person","@id":"http:\/\/66131ensheim.de\/wordpress\/#\/schema\/person\/210ee9c63c5e30f18453372823a88de8","name":"Stefan Vogelgesang","image":{"@type":"ImageObject","inLanguage":"de","@id":"https:\/\/secure.gravatar.com\/avatar\/5633e4c0de8771818b0e2f3c72ef14f79d7bfd1aa794c0c5b5c7e17fe9ee3caa?s=96&d=mm&r=g","url":"https:\/\/secure.gravatar.com\/avatar\/5633e4c0de8771818b0e2f3c72ef14f79d7bfd1aa794c0c5b5c7e17fe9ee3caa?s=96&d=mm&r=g","contentUrl":"https:\/\/secure.gravatar.com\/avatar\/5633e4c0de8771818b0e2f3c72ef14f79d7bfd1aa794c0c5b5c7e17fe9ee3caa?s=96&d=mm&r=g","caption":"Stefan Vogelgesang"}}]}},"_links":{"self":[{"href":"http:\/\/66131ensheim.de\/wordpress\/wp-json\/wp\/v2\/posts\/3309","targetHints":{"allow":["GET"]}}],"collection":[{"href":"http:\/\/66131ensheim.de\/wordpress\/wp-json\/wp\/v2\/posts"}],"about":[{"href":"http:\/\/66131ensheim.de\/wordpress\/wp-json\/wp\/v2\/types\/post"}],"author":[{"embeddable":true,"href":"http:\/\/66131ensheim.de\/wordpress\/wp-json\/wp\/v2\/users\/1"}],"replies":[{"embeddable":true,"href":"http:\/\/66131ensheim.de\/wordpress\/wp-json\/wp\/v2\/comments?post=3309"}],"version-history":[{"count":4,"href":"http:\/\/66131ensheim.de\/wordpress\/wp-json\/wp\/v2\/posts\/3309\/revisions"}],"predecessor-version":[{"id":3645,"href":"http:\/\/66131ensheim.de\/wordpress\/wp-json\/wp\/v2\/posts\/3309\/revisions\/3645"}],"wp:featuredmedia":[{"embeddable":true,"href":"http:\/\/66131ensheim.de\/wordpress\/wp-json\/wp\/v2\/media\/99"}],"wp:attachment":[{"href":"http:\/\/66131ensheim.de\/wordpress\/wp-json\/wp\/v2\/media?parent=3309"}],"wp:term":[{"taxonomy":"category","embeddable":true,"href":"http:\/\/66131ensheim.de\/wordpress\/wp-json\/wp\/v2\/categories?post=3309"},{"taxonomy":"post_tag","embeddable":true,"href":"http:\/\/66131ensheim.de\/wordpress\/wp-json\/wp\/v2\/tags?post=3309"}],"curies":[{"name":"wp","href":"https:\/\/api.w.org\/{rel}","templated":true}]}}