{"id":3330,"date":"2022-06-02T10:01:18","date_gmt":"2022-06-02T08:01:18","guid":{"rendered":"https:\/\/66131ensheim.de\/wordpress\/?p=3330"},"modified":"2022-06-04T11:43:24","modified_gmt":"2022-06-04T09:43:24","slug":"neue-firmen-in-ensheim","status":"publish","type":"post","link":"http:\/\/66131ensheim.de\/wordpress\/2022\/06\/02\/neue-firmen-in-ensheim\/","title":{"rendered":"Neue Firmen in Ensheim"},"content":{"rendered":"\n<p>Es gibt ein paar neue Firmen, die wir euch vorstellen m\u00f6chten. Es ist zwar noch keine im Gewerbeverein, aber das kann ja noch kommen. <\/p>\n\n\n\n<p>Beginnen m\u00f6chten wir aus aktuellem Anlass mit dem neuen Eiscaf\u00e9 Ragno d&#8217;oro, welches morgen er\u00f6ffnet.<\/p>\n\n\n\n<p>Es er\u00f6ffnet in den ehemaligen R\u00e4umen von Getr\u00e4nke Quirin.<\/p>\n\n\n\n<p>Ein Eiscaf\u00e8 in Ensheim ist wieder etwas neues, ich kann mich zumindest die letzten 30 Jahre an keines erinnern. Als Eisfan warte ich darauf schon sehr lange. <\/p>\n\n\n\n<p>Wir vom Gewerbeverein w\u00fcnschen einen tollen Start und viele Kunden f\u00fcr die Zukunft.<\/p>\n\n\n\n<p>Weitere Infos gibt es <a href=\"https:\/\/66131ensheim.de\/wordpress\/dienstleistung\/ragno-doro\/\">hier<\/a><\/p>\n","protected":false},"excerpt":{"rendered":"<p>Es gibt ein paar neue Firmen, die wir euch vorstellen m\u00f6chten. Es ist zwar noch keine im Gewerbeverein, aber das kann ja noch kommen. Beginnen m\u00f6chten wir aus aktuellem Anlass mit dem neuen Eiscaf\u00e9 Ragno d&#8217;oro, welches morgen er\u00f6ffnet. Es er\u00f6ffnet in den ehemaligen R\u00e4umen von Getr\u00e4nke Quirin. Ein Eiscaf\u00e8 in Ensheim ist wieder etwas neues, ich kann mich zumindest die letzten 30 Jahre an keines erinnern. Als Eisfan warte ich darauf schon sehr lange. Wir vom Gewerbeverein w\u00fcnschen einen &#8230; <a title=\"Neue Firmen in Ensheim\" class=\"read-more\" href=\"http:\/\/66131ensheim.de\/wordpress\/2022\/06\/02\/neue-firmen-in-ensheim\/\" aria-label=\"Mehr Informationen \u00fcber Neue Firmen in Ensheim\">Weiter<\/a><\/p>\n","protected":false},"author":1,"featured_media":3331,"comment_status":"open","ping_status":"open","sticky":false,"template":"","format":"standard","meta":{"ngg_post_thumbnail":0,"generate_page_header":"","footnotes":""},"categories":[1],"tags":[],"class_list":["post-3330","post","type-post","status-publish","format-standard","has-post-thumbnail","hentry","category-allgemein","resize-featured-image"],"yoast_head":"<!-- This site is optimized with the Yoast SEO plugin v27.5 - https:\/\/yoast.com\/product\/yoast-seo-wordpress\/ -->\n<title>Neue Firmen in Ensheim - Gewerbeverein Ensheim<\/title>\n<meta name=\"robots\" content=\"index, follow, max-snippet:-1, max-image-preview:large, max-video-preview:-1\" \/>\n<link rel=\"canonical\" href=\"http:\/\/66131ensheim.de\/wordpress\/2022\/06\/02\/neue-firmen-in-ensheim\/\" \/>\n<meta property=\"og:locale\" content=\"de_DE\" \/>\n<meta property=\"og:type\" content=\"article\" \/>\n<meta property=\"og:title\" content=\"Neue Firmen in Ensheim - Gewerbeverein Ensheim\" \/>\n<meta property=\"og:description\" content=\"Es gibt ein paar neue Firmen, die wir euch vorstellen m\u00f6chten. Es ist zwar noch keine im Gewerbeverein, aber das kann ja noch kommen. Beginnen m\u00f6chten wir aus aktuellem Anlass mit dem neuen Eiscaf\u00e9 Ragno d&#8217;oro, welches morgen er\u00f6ffnet. Es er\u00f6ffnet in den ehemaligen R\u00e4umen von Getr\u00e4nke Quirin. Ein Eiscaf\u00e8 in Ensheim ist wieder etwas neues, ich kann mich zumindest die letzten 30 Jahre an keines erinnern. Als Eisfan warte ich darauf schon sehr lange. Wir vom Gewerbeverein w\u00fcnschen einen ... Weiter\" \/>\n<meta property=\"og:url\" content=\"http:\/\/66131ensheim.de\/wordpress\/2022\/06\/02\/neue-firmen-in-ensheim\/\" \/>\n<meta property=\"og:site_name\" content=\"Gewerbeverein Ensheim\" \/>\n<meta property=\"article:publisher\" content=\"https:\/\/www.facebook.com\/EnsheimSaar\/\" \/>\n<meta property=\"article:published_time\" content=\"2022-06-02T08:01:18+00:00\" \/>\n<meta property=\"article:modified_time\" content=\"2022-06-04T09:43:24+00:00\" \/>\n<meta property=\"og:image\" content=\"http:\/\/66131ensheim.de\/wordpress\/wp-content\/uploads\/2022\/06\/ragno.jpg\" \/>\n\t<meta property=\"og:image:width\" content=\"450\" \/>\n\t<meta property=\"og:image:height\" content=\"600\" \/>\n\t<meta property=\"og:image:type\" content=\"image\/jpeg\" \/>\n<meta name=\"author\" content=\"Stefan Vogelgesang\" \/>\n<meta name=\"twitter:card\" content=\"summary_large_image\" \/>\n<meta name=\"twitter:label1\" content=\"Verfasst von\" \/>\n\t<meta name=\"twitter:data1\" content=\"Stefan Vogelgesang\" \/>\n\t<meta name=\"twitter:label2\" content=\"Gesch\u00e4tzte Lesezeit\" \/>\n\t<meta name=\"twitter:data2\" content=\"1\u00a0Minute\" \/>\n<script type=\"application\/ld+json\" class=\"yoast-schema-graph\">{\"@context\":\"https:\\\/\\\/schema.org\",\"@graph\":[{\"@type\":\"Article\",\"@id\":\"http:\\\/\\\/66131ensheim.de\\\/wordpress\\\/2022\\\/06\\\/02\\\/neue-firmen-in-ensheim\\\/#article\",\"isPartOf\":{\"@id\":\"http:\\\/\\\/66131ensheim.de\\\/wordpress\\\/2022\\\/06\\\/02\\\/neue-firmen-in-ensheim\\\/\"},\"author\":{\"name\":\"Stefan Vogelgesang\",\"@id\":\"http:\\\/\\\/66131ensheim.de\\\/wordpress\\\/#\\\/schema\\\/person\\\/210ee9c63c5e30f18453372823a88de8\"},\"headline\":\"Neue Firmen in Ensheim\",\"datePublished\":\"2022-06-02T08:01:18+00:00\",\"dateModified\":\"2022-06-04T09:43:24+00:00\",\"mainEntityOfPage\":{\"@id\":\"http:\\\/\\\/66131ensheim.de\\\/wordpress\\\/2022\\\/06\\\/02\\\/neue-firmen-in-ensheim\\\/\"},\"wordCount\":105,\"commentCount\":2,\"publisher\":{\"@id\":\"http:\\\/\\\/66131ensheim.de\\\/wordpress\\\/#organization\"},\"image\":{\"@id\":\"http:\\\/\\\/66131ensheim.de\\\/wordpress\\\/2022\\\/06\\\/02\\\/neue-firmen-in-ensheim\\\/#primaryimage\"},\"thumbnailUrl\":\"http:\\\/\\\/66131ensheim.de\\\/wordpress\\\/wp-content\\\/uploads\\\/2022\\\/06\\\/ragno.jpg\",\"inLanguage\":\"de\",\"potentialAction\":[{\"@type\":\"CommentAction\",\"name\":\"Comment\",\"target\":[\"http:\\\/\\\/66131ensheim.de\\\/wordpress\\\/2022\\\/06\\\/02\\\/neue-firmen-in-ensheim\\\/#respond\"]}]},{\"@type\":\"WebPage\",\"@id\":\"http:\\\/\\\/66131ensheim.de\\\/wordpress\\\/2022\\\/06\\\/02\\\/neue-firmen-in-ensheim\\\/\",\"url\":\"http:\\\/\\\/66131ensheim.de\\\/wordpress\\\/2022\\\/06\\\/02\\\/neue-firmen-in-ensheim\\\/\",\"name\":\"Neue Firmen in Ensheim - Gewerbeverein Ensheim\",\"isPartOf\":{\"@id\":\"http:\\\/\\\/66131ensheim.de\\\/wordpress\\\/#website\"},\"primaryImageOfPage\":{\"@id\":\"http:\\\/\\\/66131ensheim.de\\\/wordpress\\\/2022\\\/06\\\/02\\\/neue-firmen-in-ensheim\\\/#primaryimage\"},\"image\":{\"@id\":\"http:\\\/\\\/66131ensheim.de\\\/wordpress\\\/2022\\\/06\\\/02\\\/neue-firmen-in-ensheim\\\/#primaryimage\"},\"thumbnailUrl\":\"http:\\\/\\\/66131ensheim.de\\\/wordpress\\\/wp-content\\\/uploads\\\/2022\\\/06\\\/ragno.jpg\",\"datePublished\":\"2022-06-02T08:01:18+00:00\",\"dateModified\":\"2022-06-04T09:43:24+00:00\",\"breadcrumb\":{\"@id\":\"http:\\\/\\\/66131ensheim.de\\\/wordpress\\\/2022\\\/06\\\/02\\\/neue-firmen-in-ensheim\\\/#breadcrumb\"},\"inLanguage\":\"de\",\"potentialAction\":[{\"@type\":\"ReadAction\",\"target\":[\"http:\\\/\\\/66131ensheim.de\\\/wordpress\\\/2022\\\/06\\\/02\\\/neue-firmen-in-ensheim\\\/\"]}]},{\"@type\":\"ImageObject\",\"inLanguage\":\"de\",\"@id\":\"http:\\\/\\\/66131ensheim.de\\\/wordpress\\\/2022\\\/06\\\/02\\\/neue-firmen-in-ensheim\\\/#primaryimage\",\"url\":\"http:\\\/\\\/66131ensheim.de\\\/wordpress\\\/wp-content\\\/uploads\\\/2022\\\/06\\\/ragno.jpg\",\"contentUrl\":\"http:\\\/\\\/66131ensheim.de\\\/wordpress\\\/wp-content\\\/uploads\\\/2022\\\/06\\\/ragno.jpg\",\"width\":450,\"height\":600},{\"@type\":\"BreadcrumbList\",\"@id\":\"http:\\\/\\\/66131ensheim.de\\\/wordpress\\\/2022\\\/06\\\/02\\\/neue-firmen-in-ensheim\\\/#breadcrumb\",\"itemListElement\":[{\"@type\":\"ListItem\",\"position\":1,\"name\":\"Startseite\",\"item\":\"http:\\\/\\\/66131ensheim.de\\\/wordpress\\\/\"},{\"@type\":\"ListItem\",\"position\":2,\"name\":\"Neue Firmen in Ensheim\"}]},{\"@type\":\"WebSite\",\"@id\":\"http:\\\/\\\/66131ensheim.de\\\/wordpress\\\/#website\",\"url\":\"http:\\\/\\\/66131ensheim.de\\\/wordpress\\\/\",\"name\":\"Gewerbeverein Ensheim\",\"description\":\"\",\"publisher\":{\"@id\":\"http:\\\/\\\/66131ensheim.de\\\/wordpress\\\/#organization\"},\"potentialAction\":[{\"@type\":\"SearchAction\",\"target\":{\"@type\":\"EntryPoint\",\"urlTemplate\":\"http:\\\/\\\/66131ensheim.de\\\/wordpress\\\/?s={search_term_string}\"},\"query-input\":{\"@type\":\"PropertyValueSpecification\",\"valueRequired\":true,\"valueName\":\"search_term_string\"}}],\"inLanguage\":\"de\"},{\"@type\":\"Organization\",\"@id\":\"http:\\\/\\\/66131ensheim.de\\\/wordpress\\\/#organization\",\"name\":\"Gewerbeverein Ensheim e.V.\",\"url\":\"http:\\\/\\\/66131ensheim.de\\\/wordpress\\\/\",\"logo\":{\"@type\":\"ImageObject\",\"inLanguage\":\"de\",\"@id\":\"http:\\\/\\\/66131ensheim.de\\\/wordpress\\\/#\\\/schema\\\/logo\\\/image\\\/\",\"url\":\"https:\\\/\\\/66131ensheim.de\\\/wordpress\\\/wp-content\\\/uploads\\\/2018\\\/07\\\/Aufkleber.jpg\",\"contentUrl\":\"https:\\\/\\\/66131ensheim.de\\\/wordpress\\\/wp-content\\\/uploads\\\/2018\\\/07\\\/Aufkleber.jpg\",\"width\":1667,\"height\":1667,\"caption\":\"Gewerbeverein Ensheim e.V.\"},\"image\":{\"@id\":\"http:\\\/\\\/66131ensheim.de\\\/wordpress\\\/#\\\/schema\\\/logo\\\/image\\\/\"},\"sameAs\":[\"https:\\\/\\\/www.facebook.com\\\/EnsheimSaar\\\/\",\"https:\\\/\\\/www.instagram.com\\\/gewerbeverein.ensheim\\\/\"]},{\"@type\":\"Person\",\"@id\":\"http:\\\/\\\/66131ensheim.de\\\/wordpress\\\/#\\\/schema\\\/person\\\/210ee9c63c5e30f18453372823a88de8\",\"name\":\"Stefan Vogelgesang\",\"image\":{\"@type\":\"ImageObject\",\"inLanguage\":\"de\",\"@id\":\"https:\\\/\\\/secure.gravatar.com\\\/avatar\\\/5633e4c0de8771818b0e2f3c72ef14f79d7bfd1aa794c0c5b5c7e17fe9ee3caa?s=96&d=mm&r=g\",\"url\":\"https:\\\/\\\/secure.gravatar.com\\\/avatar\\\/5633e4c0de8771818b0e2f3c72ef14f79d7bfd1aa794c0c5b5c7e17fe9ee3caa?s=96&d=mm&r=g\",\"contentUrl\":\"https:\\\/\\\/secure.gravatar.com\\\/avatar\\\/5633e4c0de8771818b0e2f3c72ef14f79d7bfd1aa794c0c5b5c7e17fe9ee3caa?s=96&d=mm&r=g\",\"caption\":\"Stefan Vogelgesang\"}}]}<\/script>\n<!-- \/ Yoast SEO plugin. -->","yoast_head_json":{"title":"Neue Firmen in Ensheim - Gewerbeverein Ensheim","robots":{"index":"index","follow":"follow","max-snippet":"max-snippet:-1","max-image-preview":"max-image-preview:large","max-video-preview":"max-video-preview:-1"},"canonical":"http:\/\/66131ensheim.de\/wordpress\/2022\/06\/02\/neue-firmen-in-ensheim\/","og_locale":"de_DE","og_type":"article","og_title":"Neue Firmen in Ensheim - Gewerbeverein Ensheim","og_description":"Es gibt ein paar neue Firmen, die wir euch vorstellen m\u00f6chten. Es ist zwar noch keine im Gewerbeverein, aber das kann ja noch kommen. Beginnen m\u00f6chten wir aus aktuellem Anlass mit dem neuen Eiscaf\u00e9 Ragno d&#8217;oro, welches morgen er\u00f6ffnet. Es er\u00f6ffnet in den ehemaligen R\u00e4umen von Getr\u00e4nke Quirin. Ein Eiscaf\u00e8 in Ensheim ist wieder etwas neues, ich kann mich zumindest die letzten 30 Jahre an keines erinnern. Als Eisfan warte ich darauf schon sehr lange. Wir vom Gewerbeverein w\u00fcnschen einen ... Weiter","og_url":"http:\/\/66131ensheim.de\/wordpress\/2022\/06\/02\/neue-firmen-in-ensheim\/","og_site_name":"Gewerbeverein Ensheim","article_publisher":"https:\/\/www.facebook.com\/EnsheimSaar\/","article_published_time":"2022-06-02T08:01:18+00:00","article_modified_time":"2022-06-04T09:43:24+00:00","og_image":[{"width":450,"height":600,"url":"http:\/\/66131ensheim.de\/wordpress\/wp-content\/uploads\/2022\/06\/ragno.jpg","type":"image\/jpeg"}],"author":"Stefan Vogelgesang","twitter_card":"summary_large_image","twitter_misc":{"Verfasst von":"Stefan Vogelgesang","Gesch\u00e4tzte Lesezeit":"1\u00a0Minute"},"schema":{"@context":"https:\/\/schema.org","@graph":[{"@type":"Article","@id":"http:\/\/66131ensheim.de\/wordpress\/2022\/06\/02\/neue-firmen-in-ensheim\/#article","isPartOf":{"@id":"http:\/\/66131ensheim.de\/wordpress\/2022\/06\/02\/neue-firmen-in-ensheim\/"},"author":{"name":"Stefan Vogelgesang","@id":"http:\/\/66131ensheim.de\/wordpress\/#\/schema\/person\/210ee9c63c5e30f18453372823a88de8"},"headline":"Neue Firmen in Ensheim","datePublished":"2022-06-02T08:01:18+00:00","dateModified":"2022-06-04T09:43:24+00:00","mainEntityOfPage":{"@id":"http:\/\/66131ensheim.de\/wordpress\/2022\/06\/02\/neue-firmen-in-ensheim\/"},"wordCount":105,"commentCount":2,"publisher":{"@id":"http:\/\/66131ensheim.de\/wordpress\/#organization"},"image":{"@id":"http:\/\/66131ensheim.de\/wordpress\/2022\/06\/02\/neue-firmen-in-ensheim\/#primaryimage"},"thumbnailUrl":"http:\/\/66131ensheim.de\/wordpress\/wp-content\/uploads\/2022\/06\/ragno.jpg","inLanguage":"de","potentialAction":[{"@type":"CommentAction","name":"Comment","target":["http:\/\/66131ensheim.de\/wordpress\/2022\/06\/02\/neue-firmen-in-ensheim\/#respond"]}]},{"@type":"WebPage","@id":"http:\/\/66131ensheim.de\/wordpress\/2022\/06\/02\/neue-firmen-in-ensheim\/","url":"http:\/\/66131ensheim.de\/wordpress\/2022\/06\/02\/neue-firmen-in-ensheim\/","name":"Neue Firmen in Ensheim - Gewerbeverein Ensheim","isPartOf":{"@id":"http:\/\/66131ensheim.de\/wordpress\/#website"},"primaryImageOfPage":{"@id":"http:\/\/66131ensheim.de\/wordpress\/2022\/06\/02\/neue-firmen-in-ensheim\/#primaryimage"},"image":{"@id":"http:\/\/66131ensheim.de\/wordpress\/2022\/06\/02\/neue-firmen-in-ensheim\/#primaryimage"},"thumbnailUrl":"http:\/\/66131ensheim.de\/wordpress\/wp-content\/uploads\/2022\/06\/ragno.jpg","datePublished":"2022-06-02T08:01:18+00:00","dateModified":"2022-06-04T09:43:24+00:00","breadcrumb":{"@id":"http:\/\/66131ensheim.de\/wordpress\/2022\/06\/02\/neue-firmen-in-ensheim\/#breadcrumb"},"inLanguage":"de","potentialAction":[{"@type":"ReadAction","target":["http:\/\/66131ensheim.de\/wordpress\/2022\/06\/02\/neue-firmen-in-ensheim\/"]}]},{"@type":"ImageObject","inLanguage":"de","@id":"http:\/\/66131ensheim.de\/wordpress\/2022\/06\/02\/neue-firmen-in-ensheim\/#primaryimage","url":"http:\/\/66131ensheim.de\/wordpress\/wp-content\/uploads\/2022\/06\/ragno.jpg","contentUrl":"http:\/\/66131ensheim.de\/wordpress\/wp-content\/uploads\/2022\/06\/ragno.jpg","width":450,"height":600},{"@type":"BreadcrumbList","@id":"http:\/\/66131ensheim.de\/wordpress\/2022\/06\/02\/neue-firmen-in-ensheim\/#breadcrumb","itemListElement":[{"@type":"ListItem","position":1,"name":"Startseite","item":"http:\/\/66131ensheim.de\/wordpress\/"},{"@type":"ListItem","position":2,"name":"Neue Firmen in Ensheim"}]},{"@type":"WebSite","@id":"http:\/\/66131ensheim.de\/wordpress\/#website","url":"http:\/\/66131ensheim.de\/wordpress\/","name":"Gewerbeverein Ensheim","description":"","publisher":{"@id":"http:\/\/66131ensheim.de\/wordpress\/#organization"},"potentialAction":[{"@type":"SearchAction","target":{"@type":"EntryPoint","urlTemplate":"http:\/\/66131ensheim.de\/wordpress\/?s={search_term_string}"},"query-input":{"@type":"PropertyValueSpecification","valueRequired":true,"valueName":"search_term_string"}}],"inLanguage":"de"},{"@type":"Organization","@id":"http:\/\/66131ensheim.de\/wordpress\/#organization","name":"Gewerbeverein Ensheim e.V.","url":"http:\/\/66131ensheim.de\/wordpress\/","logo":{"@type":"ImageObject","inLanguage":"de","@id":"http:\/\/66131ensheim.de\/wordpress\/#\/schema\/logo\/image\/","url":"https:\/\/66131ensheim.de\/wordpress\/wp-content\/uploads\/2018\/07\/Aufkleber.jpg","contentUrl":"https:\/\/66131ensheim.de\/wordpress\/wp-content\/uploads\/2018\/07\/Aufkleber.jpg","width":1667,"height":1667,"caption":"Gewerbeverein Ensheim e.V."},"image":{"@id":"http:\/\/66131ensheim.de\/wordpress\/#\/schema\/logo\/image\/"},"sameAs":["https:\/\/www.facebook.com\/EnsheimSaar\/","https:\/\/www.instagram.com\/gewerbeverein.ensheim\/"]},{"@type":"Person","@id":"http:\/\/66131ensheim.de\/wordpress\/#\/schema\/person\/210ee9c63c5e30f18453372823a88de8","name":"Stefan Vogelgesang","image":{"@type":"ImageObject","inLanguage":"de","@id":"https:\/\/secure.gravatar.com\/avatar\/5633e4c0de8771818b0e2f3c72ef14f79d7bfd1aa794c0c5b5c7e17fe9ee3caa?s=96&d=mm&r=g","url":"https:\/\/secure.gravatar.com\/avatar\/5633e4c0de8771818b0e2f3c72ef14f79d7bfd1aa794c0c5b5c7e17fe9ee3caa?s=96&d=mm&r=g","contentUrl":"https:\/\/secure.gravatar.com\/avatar\/5633e4c0de8771818b0e2f3c72ef14f79d7bfd1aa794c0c5b5c7e17fe9ee3caa?s=96&d=mm&r=g","caption":"Stefan Vogelgesang"}}]}},"_links":{"self":[{"href":"http:\/\/66131ensheim.de\/wordpress\/wp-json\/wp\/v2\/posts\/3330","targetHints":{"allow":["GET"]}}],"collection":[{"href":"http:\/\/66131ensheim.de\/wordpress\/wp-json\/wp\/v2\/posts"}],"about":[{"href":"http:\/\/66131ensheim.de\/wordpress\/wp-json\/wp\/v2\/types\/post"}],"author":[{"embeddable":true,"href":"http:\/\/66131ensheim.de\/wordpress\/wp-json\/wp\/v2\/users\/1"}],"replies":[{"embeddable":true,"href":"http:\/\/66131ensheim.de\/wordpress\/wp-json\/wp\/v2\/comments?post=3330"}],"version-history":[{"count":4,"href":"http:\/\/66131ensheim.de\/wordpress\/wp-json\/wp\/v2\/posts\/3330\/revisions"}],"predecessor-version":[{"id":3346,"href":"http:\/\/66131ensheim.de\/wordpress\/wp-json\/wp\/v2\/posts\/3330\/revisions\/3346"}],"wp:featuredmedia":[{"embeddable":true,"href":"http:\/\/66131ensheim.de\/wordpress\/wp-json\/wp\/v2\/media\/3331"}],"wp:attachment":[{"href":"http:\/\/66131ensheim.de\/wordpress\/wp-json\/wp\/v2\/media?parent=3330"}],"wp:term":[{"taxonomy":"category","embeddable":true,"href":"http:\/\/66131ensheim.de\/wordpress\/wp-json\/wp\/v2\/categories?post=3330"},{"taxonomy":"post_tag","embeddable":true,"href":"http:\/\/66131ensheim.de\/wordpress\/wp-json\/wp\/v2\/tags?post=3330"}],"curies":[{"name":"wp","href":"https:\/\/api.w.org\/{rel}","templated":true}]}}