{"id":3355,"date":"2022-06-06T08:04:03","date_gmt":"2022-06-06T06:04:03","guid":{"rendered":"https:\/\/66131ensheim.de\/wordpress\/?p=3355"},"modified":"2022-06-07T08:04:21","modified_gmt":"2022-06-07T06:04:21","slug":"neue-firmen-in-ensheim-3","status":"publish","type":"post","link":"http:\/\/66131ensheim.de\/wordpress\/2022\/06\/06\/neue-firmen-in-ensheim-3\/","title":{"rendered":"Neue Firmen in Ensheim"},"content":{"rendered":"\n<p>Bereits seit 6. Januar in Ensheim ist &#8222;Zum Friseur&#8220;, der Friseursalon von Christine Buchheit und Tatjana Kleber.<\/p>\n\n\n\n<p>Zuvor jahrelang in Eschringen werden Sie nun in Ensheim in der Hauptstr. 38 begr\u00fc\u00dft.<\/p>\n\n\n\n<p>Auch hier ist man noch kein Mitglied im Gewerbeverein, aber es kann ja noch kommen.<\/p>\n\n\n\n<p>Wir hatten euch ja in Ensheim begr\u00fc\u00dft und w\u00fcnschen euch weiterhin viel Erfolg und viele Kunden.<\/p>\n","protected":false},"excerpt":{"rendered":"<p>Bereits seit 6. Januar in Ensheim ist &#8222;Zum Friseur&#8220;, der Friseursalon von Christine Buchheit und Tatjana Kleber. Zuvor jahrelang in Eschringen werden Sie nun in Ensheim in der Hauptstr. 38 begr\u00fc\u00dft. Auch hier ist man noch kein Mitglied im Gewerbeverein, aber es kann ja noch kommen. Wir hatten euch ja in Ensheim begr\u00fc\u00dft und w\u00fcnschen euch weiterhin viel Erfolg und viele Kunden.<\/p>\n","protected":false},"author":1,"featured_media":3352,"comment_status":"open","ping_status":"open","sticky":false,"template":"","format":"standard","meta":{"ngg_post_thumbnail":0,"generate_page_header":"","footnotes":""},"categories":[1],"tags":[],"class_list":["post-3355","post","type-post","status-publish","format-standard","has-post-thumbnail","hentry","category-allgemein","resize-featured-image"],"yoast_head":"<!-- This site is optimized with the Yoast SEO plugin v27.5 - https:\/\/yoast.com\/product\/yoast-seo-wordpress\/ -->\n<title>Neue Firmen in Ensheim - Gewerbeverein Ensheim<\/title>\n<meta name=\"robots\" content=\"index, follow, max-snippet:-1, max-image-preview:large, max-video-preview:-1\" \/>\n<link rel=\"canonical\" href=\"http:\/\/66131ensheim.de\/wordpress\/2022\/06\/06\/neue-firmen-in-ensheim-3\/\" \/>\n<meta property=\"og:locale\" content=\"de_DE\" \/>\n<meta property=\"og:type\" content=\"article\" \/>\n<meta property=\"og:title\" content=\"Neue Firmen in Ensheim - Gewerbeverein Ensheim\" \/>\n<meta property=\"og:description\" content=\"Bereits seit 6. Januar in Ensheim ist &#8222;Zum Friseur&#8220;, der Friseursalon von Christine Buchheit und Tatjana Kleber. Zuvor jahrelang in Eschringen werden Sie nun in Ensheim in der Hauptstr. 38 begr\u00fc\u00dft. Auch hier ist man noch kein Mitglied im Gewerbeverein, aber es kann ja noch kommen. Wir hatten euch ja in Ensheim begr\u00fc\u00dft und w\u00fcnschen euch weiterhin viel Erfolg und viele Kunden.\" \/>\n<meta property=\"og:url\" content=\"http:\/\/66131ensheim.de\/wordpress\/2022\/06\/06\/neue-firmen-in-ensheim-3\/\" \/>\n<meta property=\"og:site_name\" content=\"Gewerbeverein Ensheim\" \/>\n<meta property=\"article:publisher\" content=\"https:\/\/www.facebook.com\/EnsheimSaar\/\" \/>\n<meta property=\"article:published_time\" content=\"2022-06-06T06:04:03+00:00\" \/>\n<meta property=\"article:modified_time\" content=\"2022-06-07T06:04:21+00:00\" \/>\n<meta property=\"og:image\" content=\"http:\/\/66131ensheim.de\/wordpress\/wp-content\/uploads\/2022\/06\/zumfriseur.jpg\" \/>\n\t<meta property=\"og:image:width\" content=\"941\" \/>\n\t<meta property=\"og:image:height\" content=\"1000\" \/>\n\t<meta property=\"og:image:type\" content=\"image\/jpeg\" \/>\n<meta name=\"author\" content=\"Stefan Vogelgesang\" \/>\n<meta name=\"twitter:card\" content=\"summary_large_image\" \/>\n<meta name=\"twitter:label1\" content=\"Verfasst von\" \/>\n\t<meta name=\"twitter:data1\" content=\"Stefan Vogelgesang\" \/>\n\t<meta name=\"twitter:label2\" content=\"Gesch\u00e4tzte Lesezeit\" \/>\n\t<meta name=\"twitter:data2\" content=\"1\u00a0Minute\" \/>\n<script type=\"application\/ld+json\" class=\"yoast-schema-graph\">{\"@context\":\"https:\\\/\\\/schema.org\",\"@graph\":[{\"@type\":\"Article\",\"@id\":\"http:\\\/\\\/66131ensheim.de\\\/wordpress\\\/2022\\\/06\\\/06\\\/neue-firmen-in-ensheim-3\\\/#article\",\"isPartOf\":{\"@id\":\"http:\\\/\\\/66131ensheim.de\\\/wordpress\\\/2022\\\/06\\\/06\\\/neue-firmen-in-ensheim-3\\\/\"},\"author\":{\"name\":\"Stefan Vogelgesang\",\"@id\":\"http:\\\/\\\/66131ensheim.de\\\/wordpress\\\/#\\\/schema\\\/person\\\/210ee9c63c5e30f18453372823a88de8\"},\"headline\":\"Neue Firmen in Ensheim\",\"datePublished\":\"2022-06-06T06:04:03+00:00\",\"dateModified\":\"2022-06-07T06:04:21+00:00\",\"mainEntityOfPage\":{\"@id\":\"http:\\\/\\\/66131ensheim.de\\\/wordpress\\\/2022\\\/06\\\/06\\\/neue-firmen-in-ensheim-3\\\/\"},\"wordCount\":67,\"commentCount\":0,\"publisher\":{\"@id\":\"http:\\\/\\\/66131ensheim.de\\\/wordpress\\\/#organization\"},\"image\":{\"@id\":\"http:\\\/\\\/66131ensheim.de\\\/wordpress\\\/2022\\\/06\\\/06\\\/neue-firmen-in-ensheim-3\\\/#primaryimage\"},\"thumbnailUrl\":\"http:\\\/\\\/66131ensheim.de\\\/wordpress\\\/wp-content\\\/uploads\\\/2022\\\/06\\\/zumfriseur.jpg\",\"inLanguage\":\"de\",\"potentialAction\":[{\"@type\":\"CommentAction\",\"name\":\"Comment\",\"target\":[\"http:\\\/\\\/66131ensheim.de\\\/wordpress\\\/2022\\\/06\\\/06\\\/neue-firmen-in-ensheim-3\\\/#respond\"]}]},{\"@type\":\"WebPage\",\"@id\":\"http:\\\/\\\/66131ensheim.de\\\/wordpress\\\/2022\\\/06\\\/06\\\/neue-firmen-in-ensheim-3\\\/\",\"url\":\"http:\\\/\\\/66131ensheim.de\\\/wordpress\\\/2022\\\/06\\\/06\\\/neue-firmen-in-ensheim-3\\\/\",\"name\":\"Neue Firmen in Ensheim - Gewerbeverein Ensheim\",\"isPartOf\":{\"@id\":\"http:\\\/\\\/66131ensheim.de\\\/wordpress\\\/#website\"},\"primaryImageOfPage\":{\"@id\":\"http:\\\/\\\/66131ensheim.de\\\/wordpress\\\/2022\\\/06\\\/06\\\/neue-firmen-in-ensheim-3\\\/#primaryimage\"},\"image\":{\"@id\":\"http:\\\/\\\/66131ensheim.de\\\/wordpress\\\/2022\\\/06\\\/06\\\/neue-firmen-in-ensheim-3\\\/#primaryimage\"},\"thumbnailUrl\":\"http:\\\/\\\/66131ensheim.de\\\/wordpress\\\/wp-content\\\/uploads\\\/2022\\\/06\\\/zumfriseur.jpg\",\"datePublished\":\"2022-06-06T06:04:03+00:00\",\"dateModified\":\"2022-06-07T06:04:21+00:00\",\"breadcrumb\":{\"@id\":\"http:\\\/\\\/66131ensheim.de\\\/wordpress\\\/2022\\\/06\\\/06\\\/neue-firmen-in-ensheim-3\\\/#breadcrumb\"},\"inLanguage\":\"de\",\"potentialAction\":[{\"@type\":\"ReadAction\",\"target\":[\"http:\\\/\\\/66131ensheim.de\\\/wordpress\\\/2022\\\/06\\\/06\\\/neue-firmen-in-ensheim-3\\\/\"]}]},{\"@type\":\"ImageObject\",\"inLanguage\":\"de\",\"@id\":\"http:\\\/\\\/66131ensheim.de\\\/wordpress\\\/2022\\\/06\\\/06\\\/neue-firmen-in-ensheim-3\\\/#primaryimage\",\"url\":\"http:\\\/\\\/66131ensheim.de\\\/wordpress\\\/wp-content\\\/uploads\\\/2022\\\/06\\\/zumfriseur.jpg\",\"contentUrl\":\"http:\\\/\\\/66131ensheim.de\\\/wordpress\\\/wp-content\\\/uploads\\\/2022\\\/06\\\/zumfriseur.jpg\",\"width\":941,\"height\":1000},{\"@type\":\"BreadcrumbList\",\"@id\":\"http:\\\/\\\/66131ensheim.de\\\/wordpress\\\/2022\\\/06\\\/06\\\/neue-firmen-in-ensheim-3\\\/#breadcrumb\",\"itemListElement\":[{\"@type\":\"ListItem\",\"position\":1,\"name\":\"Startseite\",\"item\":\"http:\\\/\\\/66131ensheim.de\\\/wordpress\\\/\"},{\"@type\":\"ListItem\",\"position\":2,\"name\":\"Neue Firmen in Ensheim\"}]},{\"@type\":\"WebSite\",\"@id\":\"http:\\\/\\\/66131ensheim.de\\\/wordpress\\\/#website\",\"url\":\"http:\\\/\\\/66131ensheim.de\\\/wordpress\\\/\",\"name\":\"Gewerbeverein Ensheim\",\"description\":\"\",\"publisher\":{\"@id\":\"http:\\\/\\\/66131ensheim.de\\\/wordpress\\\/#organization\"},\"potentialAction\":[{\"@type\":\"SearchAction\",\"target\":{\"@type\":\"EntryPoint\",\"urlTemplate\":\"http:\\\/\\\/66131ensheim.de\\\/wordpress\\\/?s={search_term_string}\"},\"query-input\":{\"@type\":\"PropertyValueSpecification\",\"valueRequired\":true,\"valueName\":\"search_term_string\"}}],\"inLanguage\":\"de\"},{\"@type\":\"Organization\",\"@id\":\"http:\\\/\\\/66131ensheim.de\\\/wordpress\\\/#organization\",\"name\":\"Gewerbeverein Ensheim e.V.\",\"url\":\"http:\\\/\\\/66131ensheim.de\\\/wordpress\\\/\",\"logo\":{\"@type\":\"ImageObject\",\"inLanguage\":\"de\",\"@id\":\"http:\\\/\\\/66131ensheim.de\\\/wordpress\\\/#\\\/schema\\\/logo\\\/image\\\/\",\"url\":\"https:\\\/\\\/66131ensheim.de\\\/wordpress\\\/wp-content\\\/uploads\\\/2018\\\/07\\\/Aufkleber.jpg\",\"contentUrl\":\"https:\\\/\\\/66131ensheim.de\\\/wordpress\\\/wp-content\\\/uploads\\\/2018\\\/07\\\/Aufkleber.jpg\",\"width\":1667,\"height\":1667,\"caption\":\"Gewerbeverein Ensheim e.V.\"},\"image\":{\"@id\":\"http:\\\/\\\/66131ensheim.de\\\/wordpress\\\/#\\\/schema\\\/logo\\\/image\\\/\"},\"sameAs\":[\"https:\\\/\\\/www.facebook.com\\\/EnsheimSaar\\\/\",\"https:\\\/\\\/www.instagram.com\\\/gewerbeverein.ensheim\\\/\"]},{\"@type\":\"Person\",\"@id\":\"http:\\\/\\\/66131ensheim.de\\\/wordpress\\\/#\\\/schema\\\/person\\\/210ee9c63c5e30f18453372823a88de8\",\"name\":\"Stefan Vogelgesang\",\"image\":{\"@type\":\"ImageObject\",\"inLanguage\":\"de\",\"@id\":\"https:\\\/\\\/secure.gravatar.com\\\/avatar\\\/5633e4c0de8771818b0e2f3c72ef14f79d7bfd1aa794c0c5b5c7e17fe9ee3caa?s=96&d=mm&r=g\",\"url\":\"https:\\\/\\\/secure.gravatar.com\\\/avatar\\\/5633e4c0de8771818b0e2f3c72ef14f79d7bfd1aa794c0c5b5c7e17fe9ee3caa?s=96&d=mm&r=g\",\"contentUrl\":\"https:\\\/\\\/secure.gravatar.com\\\/avatar\\\/5633e4c0de8771818b0e2f3c72ef14f79d7bfd1aa794c0c5b5c7e17fe9ee3caa?s=96&d=mm&r=g\",\"caption\":\"Stefan Vogelgesang\"}}]}<\/script>\n<!-- \/ Yoast SEO plugin. -->","yoast_head_json":{"title":"Neue Firmen in Ensheim - Gewerbeverein Ensheim","robots":{"index":"index","follow":"follow","max-snippet":"max-snippet:-1","max-image-preview":"max-image-preview:large","max-video-preview":"max-video-preview:-1"},"canonical":"http:\/\/66131ensheim.de\/wordpress\/2022\/06\/06\/neue-firmen-in-ensheim-3\/","og_locale":"de_DE","og_type":"article","og_title":"Neue Firmen in Ensheim - Gewerbeverein Ensheim","og_description":"Bereits seit 6. Januar in Ensheim ist &#8222;Zum Friseur&#8220;, der Friseursalon von Christine Buchheit und Tatjana Kleber. Zuvor jahrelang in Eschringen werden Sie nun in Ensheim in der Hauptstr. 38 begr\u00fc\u00dft. Auch hier ist man noch kein Mitglied im Gewerbeverein, aber es kann ja noch kommen. Wir hatten euch ja in Ensheim begr\u00fc\u00dft und w\u00fcnschen euch weiterhin viel Erfolg und viele Kunden.","og_url":"http:\/\/66131ensheim.de\/wordpress\/2022\/06\/06\/neue-firmen-in-ensheim-3\/","og_site_name":"Gewerbeverein Ensheim","article_publisher":"https:\/\/www.facebook.com\/EnsheimSaar\/","article_published_time":"2022-06-06T06:04:03+00:00","article_modified_time":"2022-06-07T06:04:21+00:00","og_image":[{"width":941,"height":1000,"url":"http:\/\/66131ensheim.de\/wordpress\/wp-content\/uploads\/2022\/06\/zumfriseur.jpg","type":"image\/jpeg"}],"author":"Stefan Vogelgesang","twitter_card":"summary_large_image","twitter_misc":{"Verfasst von":"Stefan Vogelgesang","Gesch\u00e4tzte Lesezeit":"1\u00a0Minute"},"schema":{"@context":"https:\/\/schema.org","@graph":[{"@type":"Article","@id":"http:\/\/66131ensheim.de\/wordpress\/2022\/06\/06\/neue-firmen-in-ensheim-3\/#article","isPartOf":{"@id":"http:\/\/66131ensheim.de\/wordpress\/2022\/06\/06\/neue-firmen-in-ensheim-3\/"},"author":{"name":"Stefan Vogelgesang","@id":"http:\/\/66131ensheim.de\/wordpress\/#\/schema\/person\/210ee9c63c5e30f18453372823a88de8"},"headline":"Neue Firmen in Ensheim","datePublished":"2022-06-06T06:04:03+00:00","dateModified":"2022-06-07T06:04:21+00:00","mainEntityOfPage":{"@id":"http:\/\/66131ensheim.de\/wordpress\/2022\/06\/06\/neue-firmen-in-ensheim-3\/"},"wordCount":67,"commentCount":0,"publisher":{"@id":"http:\/\/66131ensheim.de\/wordpress\/#organization"},"image":{"@id":"http:\/\/66131ensheim.de\/wordpress\/2022\/06\/06\/neue-firmen-in-ensheim-3\/#primaryimage"},"thumbnailUrl":"http:\/\/66131ensheim.de\/wordpress\/wp-content\/uploads\/2022\/06\/zumfriseur.jpg","inLanguage":"de","potentialAction":[{"@type":"CommentAction","name":"Comment","target":["http:\/\/66131ensheim.de\/wordpress\/2022\/06\/06\/neue-firmen-in-ensheim-3\/#respond"]}]},{"@type":"WebPage","@id":"http:\/\/66131ensheim.de\/wordpress\/2022\/06\/06\/neue-firmen-in-ensheim-3\/","url":"http:\/\/66131ensheim.de\/wordpress\/2022\/06\/06\/neue-firmen-in-ensheim-3\/","name":"Neue Firmen in Ensheim - Gewerbeverein Ensheim","isPartOf":{"@id":"http:\/\/66131ensheim.de\/wordpress\/#website"},"primaryImageOfPage":{"@id":"http:\/\/66131ensheim.de\/wordpress\/2022\/06\/06\/neue-firmen-in-ensheim-3\/#primaryimage"},"image":{"@id":"http:\/\/66131ensheim.de\/wordpress\/2022\/06\/06\/neue-firmen-in-ensheim-3\/#primaryimage"},"thumbnailUrl":"http:\/\/66131ensheim.de\/wordpress\/wp-content\/uploads\/2022\/06\/zumfriseur.jpg","datePublished":"2022-06-06T06:04:03+00:00","dateModified":"2022-06-07T06:04:21+00:00","breadcrumb":{"@id":"http:\/\/66131ensheim.de\/wordpress\/2022\/06\/06\/neue-firmen-in-ensheim-3\/#breadcrumb"},"inLanguage":"de","potentialAction":[{"@type":"ReadAction","target":["http:\/\/66131ensheim.de\/wordpress\/2022\/06\/06\/neue-firmen-in-ensheim-3\/"]}]},{"@type":"ImageObject","inLanguage":"de","@id":"http:\/\/66131ensheim.de\/wordpress\/2022\/06\/06\/neue-firmen-in-ensheim-3\/#primaryimage","url":"http:\/\/66131ensheim.de\/wordpress\/wp-content\/uploads\/2022\/06\/zumfriseur.jpg","contentUrl":"http:\/\/66131ensheim.de\/wordpress\/wp-content\/uploads\/2022\/06\/zumfriseur.jpg","width":941,"height":1000},{"@type":"BreadcrumbList","@id":"http:\/\/66131ensheim.de\/wordpress\/2022\/06\/06\/neue-firmen-in-ensheim-3\/#breadcrumb","itemListElement":[{"@type":"ListItem","position":1,"name":"Startseite","item":"http:\/\/66131ensheim.de\/wordpress\/"},{"@type":"ListItem","position":2,"name":"Neue Firmen in Ensheim"}]},{"@type":"WebSite","@id":"http:\/\/66131ensheim.de\/wordpress\/#website","url":"http:\/\/66131ensheim.de\/wordpress\/","name":"Gewerbeverein Ensheim","description":"","publisher":{"@id":"http:\/\/66131ensheim.de\/wordpress\/#organization"},"potentialAction":[{"@type":"SearchAction","target":{"@type":"EntryPoint","urlTemplate":"http:\/\/66131ensheim.de\/wordpress\/?s={search_term_string}"},"query-input":{"@type":"PropertyValueSpecification","valueRequired":true,"valueName":"search_term_string"}}],"inLanguage":"de"},{"@type":"Organization","@id":"http:\/\/66131ensheim.de\/wordpress\/#organization","name":"Gewerbeverein Ensheim e.V.","url":"http:\/\/66131ensheim.de\/wordpress\/","logo":{"@type":"ImageObject","inLanguage":"de","@id":"http:\/\/66131ensheim.de\/wordpress\/#\/schema\/logo\/image\/","url":"https:\/\/66131ensheim.de\/wordpress\/wp-content\/uploads\/2018\/07\/Aufkleber.jpg","contentUrl":"https:\/\/66131ensheim.de\/wordpress\/wp-content\/uploads\/2018\/07\/Aufkleber.jpg","width":1667,"height":1667,"caption":"Gewerbeverein Ensheim e.V."},"image":{"@id":"http:\/\/66131ensheim.de\/wordpress\/#\/schema\/logo\/image\/"},"sameAs":["https:\/\/www.facebook.com\/EnsheimSaar\/","https:\/\/www.instagram.com\/gewerbeverein.ensheim\/"]},{"@type":"Person","@id":"http:\/\/66131ensheim.de\/wordpress\/#\/schema\/person\/210ee9c63c5e30f18453372823a88de8","name":"Stefan Vogelgesang","image":{"@type":"ImageObject","inLanguage":"de","@id":"https:\/\/secure.gravatar.com\/avatar\/5633e4c0de8771818b0e2f3c72ef14f79d7bfd1aa794c0c5b5c7e17fe9ee3caa?s=96&d=mm&r=g","url":"https:\/\/secure.gravatar.com\/avatar\/5633e4c0de8771818b0e2f3c72ef14f79d7bfd1aa794c0c5b5c7e17fe9ee3caa?s=96&d=mm&r=g","contentUrl":"https:\/\/secure.gravatar.com\/avatar\/5633e4c0de8771818b0e2f3c72ef14f79d7bfd1aa794c0c5b5c7e17fe9ee3caa?s=96&d=mm&r=g","caption":"Stefan Vogelgesang"}}]}},"_links":{"self":[{"href":"http:\/\/66131ensheim.de\/wordpress\/wp-json\/wp\/v2\/posts\/3355","targetHints":{"allow":["GET"]}}],"collection":[{"href":"http:\/\/66131ensheim.de\/wordpress\/wp-json\/wp\/v2\/posts"}],"about":[{"href":"http:\/\/66131ensheim.de\/wordpress\/wp-json\/wp\/v2\/types\/post"}],"author":[{"embeddable":true,"href":"http:\/\/66131ensheim.de\/wordpress\/wp-json\/wp\/v2\/users\/1"}],"replies":[{"embeddable":true,"href":"http:\/\/66131ensheim.de\/wordpress\/wp-json\/wp\/v2\/comments?post=3355"}],"version-history":[{"count":1,"href":"http:\/\/66131ensheim.de\/wordpress\/wp-json\/wp\/v2\/posts\/3355\/revisions"}],"predecessor-version":[{"id":3356,"href":"http:\/\/66131ensheim.de\/wordpress\/wp-json\/wp\/v2\/posts\/3355\/revisions\/3356"}],"wp:featuredmedia":[{"embeddable":true,"href":"http:\/\/66131ensheim.de\/wordpress\/wp-json\/wp\/v2\/media\/3352"}],"wp:attachment":[{"href":"http:\/\/66131ensheim.de\/wordpress\/wp-json\/wp\/v2\/media?parent=3355"}],"wp:term":[{"taxonomy":"category","embeddable":true,"href":"http:\/\/66131ensheim.de\/wordpress\/wp-json\/wp\/v2\/categories?post=3355"},{"taxonomy":"post_tag","embeddable":true,"href":"http:\/\/66131ensheim.de\/wordpress\/wp-json\/wp\/v2\/tags?post=3355"}],"curies":[{"name":"wp","href":"https:\/\/api.w.org\/{rel}","templated":true}]}}