{"id":3446,"date":"2022-08-13T10:42:04","date_gmt":"2022-08-13T08:42:04","guid":{"rendered":"https:\/\/66131ensheim.de\/wordpress\/?p=3446"},"modified":"2022-08-13T10:42:06","modified_gmt":"2022-08-13T08:42:06","slug":"aktion-heimat-shoppen-in-den-startloechern","status":"publish","type":"post","link":"http:\/\/66131ensheim.de\/wordpress\/2022\/08\/13\/aktion-heimat-shoppen-in-den-startloechern\/","title":{"rendered":"Aktion &#8222;Heimat Shoppen&#8220; in den Startl\u00f6chern"},"content":{"rendered":"\n<p>Im Saarland werden voraussichtlich wieder mehr als 1300 Gesch\u00e4fte an der deutschlandweiten Aktion &#8222;Heimat shoppen&#8220; teilnehmen. Damit soll der lokale Einzelhandel gest\u00e4rkt werden.<\/p>\n\n\n\n<p>Am 9. und 10. September sind bundesweite Aktionstage im Rahmen der Initiative Heimat Shoppen geplant. Nach Angaben der Industrie- und Handelskammer (IHK) geht es dabei unter anderem darum, den \u00f6rtlichen Einzelhandel gegen\u00fcber den Internet-Einkaufsplattformen zu st\u00e4rken.<\/p>\n\n\n\n<p>Die IHK unterst\u00fctzt die Aktion mit Werbeartikeln. Dazu geh\u00f6rten unter anderem vierzigtausend Einkaufst\u00fcten. Die Gesch\u00e4fte planten au\u00dferdem eigene Werbema\u00dfnahmen.<\/p>\n\n\n\n<h4 class=\"wp-block-heading\">AUFMERKSAMKEIT AUF BETRIEBE VOR ORT LENKEN<\/h4>\n\n\n\n<p>IHK-Hauptgesch\u00e4ftsf\u00fchrer Frank Thom\u00e9 betont die Bedeutung der Aktion gerade vor dem Hintergrund der aktuellen Krisen: &#8222;Wenn die Konsumlaune eingetr\u00fcbt ist, merken das die Einzelh\u00e4ndler sofort&#8220;, sagte Thom\u00e9. &#8222;Deswegen ist es gerade in diesem Jahr besonders wichtig, die Aufmerksamkeit auf die kleinen Betriebe vor Ort zu lenken.&#8220;<\/p>\n\n\n\n<p>(entnommen von <a href=\"https:\/\/www.sr.de\/sr\/home\/nachrichten\/politik_wirtschaft\/aktion_heimat_shoppen_vor_dem_start_100.html\">SR.de<\/a>) <\/p>\n","protected":false},"excerpt":{"rendered":"<p>Im Saarland werden voraussichtlich wieder mehr als 1300 Gesch\u00e4fte an der deutschlandweiten Aktion &#8222;Heimat shoppen&#8220; teilnehmen. Damit soll der lokale Einzelhandel gest\u00e4rkt werden. Am 9. und 10. September sind bundesweite Aktionstage im Rahmen der Initiative Heimat Shoppen geplant. Nach Angaben der Industrie- und Handelskammer (IHK) geht es dabei unter anderem darum, den \u00f6rtlichen Einzelhandel gegen\u00fcber den Internet-Einkaufsplattformen zu st\u00e4rken. Die IHK unterst\u00fctzt die Aktion mit Werbeartikeln. Dazu geh\u00f6rten unter anderem vierzigtausend Einkaufst\u00fcten. Die Gesch\u00e4fte planten au\u00dferdem eigene Werbema\u00dfnahmen. AUFMERKSAMKEIT AUF &#8230; <a title=\"Aktion &#8222;Heimat Shoppen&#8220; in den Startl\u00f6chern\" class=\"read-more\" href=\"http:\/\/66131ensheim.de\/wordpress\/2022\/08\/13\/aktion-heimat-shoppen-in-den-startloechern\/\" aria-label=\"Mehr Informationen \u00fcber Aktion &#8222;Heimat Shoppen&#8220; in den Startl\u00f6chern\">Weiter<\/a><\/p>\n","protected":false},"author":1,"featured_media":0,"comment_status":"open","ping_status":"open","sticky":false,"template":"","format":"standard","meta":{"ngg_post_thumbnail":0,"generate_page_header":"","footnotes":""},"categories":[1],"tags":[],"class_list":["post-3446","post","type-post","status-publish","format-standard","hentry","category-allgemein"],"yoast_head":"<!-- This site is optimized with the Yoast SEO plugin v27.5 - https:\/\/yoast.com\/product\/yoast-seo-wordpress\/ -->\n<title>Aktion &quot;Heimat Shoppen&quot; in den Startl\u00f6chern - Gewerbeverein Ensheim<\/title>\n<meta name=\"robots\" content=\"index, follow, max-snippet:-1, max-image-preview:large, max-video-preview:-1\" \/>\n<link rel=\"canonical\" href=\"http:\/\/66131ensheim.de\/wordpress\/2022\/08\/13\/aktion-heimat-shoppen-in-den-startloechern\/\" \/>\n<meta property=\"og:locale\" content=\"de_DE\" \/>\n<meta property=\"og:type\" content=\"article\" \/>\n<meta property=\"og:title\" content=\"Aktion &quot;Heimat Shoppen&quot; in den Startl\u00f6chern - Gewerbeverein Ensheim\" \/>\n<meta property=\"og:description\" content=\"Im Saarland werden voraussichtlich wieder mehr als 1300 Gesch\u00e4fte an der deutschlandweiten Aktion &#8222;Heimat shoppen&#8220; teilnehmen. Damit soll der lokale Einzelhandel gest\u00e4rkt werden. Am 9. und 10. September sind bundesweite Aktionstage im Rahmen der Initiative Heimat Shoppen geplant. Nach Angaben der Industrie- und Handelskammer (IHK) geht es dabei unter anderem darum, den \u00f6rtlichen Einzelhandel gegen\u00fcber den Internet-Einkaufsplattformen zu st\u00e4rken. Die IHK unterst\u00fctzt die Aktion mit Werbeartikeln. Dazu geh\u00f6rten unter anderem vierzigtausend Einkaufst\u00fcten. Die Gesch\u00e4fte planten au\u00dferdem eigene Werbema\u00dfnahmen. AUFMERKSAMKEIT AUF ... Weiter\" \/>\n<meta property=\"og:url\" content=\"http:\/\/66131ensheim.de\/wordpress\/2022\/08\/13\/aktion-heimat-shoppen-in-den-startloechern\/\" \/>\n<meta property=\"og:site_name\" content=\"Gewerbeverein Ensheim\" \/>\n<meta property=\"article:publisher\" content=\"https:\/\/www.facebook.com\/EnsheimSaar\/\" \/>\n<meta property=\"article:published_time\" content=\"2022-08-13T08:42:04+00:00\" \/>\n<meta property=\"article:modified_time\" content=\"2022-08-13T08:42:06+00:00\" \/>\n<meta name=\"author\" content=\"Stefan Vogelgesang\" \/>\n<meta name=\"twitter:card\" content=\"summary_large_image\" \/>\n<meta name=\"twitter:label1\" content=\"Verfasst von\" \/>\n\t<meta name=\"twitter:data1\" content=\"Stefan Vogelgesang\" \/>\n\t<meta name=\"twitter:label2\" content=\"Gesch\u00e4tzte Lesezeit\" \/>\n\t<meta name=\"twitter:data2\" content=\"1\u00a0Minute\" \/>\n<script type=\"application\/ld+json\" class=\"yoast-schema-graph\">{\"@context\":\"https:\\\/\\\/schema.org\",\"@graph\":[{\"@type\":\"Article\",\"@id\":\"http:\\\/\\\/66131ensheim.de\\\/wordpress\\\/2022\\\/08\\\/13\\\/aktion-heimat-shoppen-in-den-startloechern\\\/#article\",\"isPartOf\":{\"@id\":\"http:\\\/\\\/66131ensheim.de\\\/wordpress\\\/2022\\\/08\\\/13\\\/aktion-heimat-shoppen-in-den-startloechern\\\/\"},\"author\":{\"name\":\"Stefan Vogelgesang\",\"@id\":\"http:\\\/\\\/66131ensheim.de\\\/wordpress\\\/#\\\/schema\\\/person\\\/210ee9c63c5e30f18453372823a88de8\"},\"headline\":\"Aktion &#8222;Heimat Shoppen&#8220; in den Startl\u00f6chern\",\"datePublished\":\"2022-08-13T08:42:04+00:00\",\"dateModified\":\"2022-08-13T08:42:06+00:00\",\"mainEntityOfPage\":{\"@id\":\"http:\\\/\\\/66131ensheim.de\\\/wordpress\\\/2022\\\/08\\\/13\\\/aktion-heimat-shoppen-in-den-startloechern\\\/\"},\"wordCount\":152,\"commentCount\":0,\"publisher\":{\"@id\":\"http:\\\/\\\/66131ensheim.de\\\/wordpress\\\/#organization\"},\"inLanguage\":\"de\",\"potentialAction\":[{\"@type\":\"CommentAction\",\"name\":\"Comment\",\"target\":[\"http:\\\/\\\/66131ensheim.de\\\/wordpress\\\/2022\\\/08\\\/13\\\/aktion-heimat-shoppen-in-den-startloechern\\\/#respond\"]}]},{\"@type\":\"WebPage\",\"@id\":\"http:\\\/\\\/66131ensheim.de\\\/wordpress\\\/2022\\\/08\\\/13\\\/aktion-heimat-shoppen-in-den-startloechern\\\/\",\"url\":\"http:\\\/\\\/66131ensheim.de\\\/wordpress\\\/2022\\\/08\\\/13\\\/aktion-heimat-shoppen-in-den-startloechern\\\/\",\"name\":\"Aktion \\\"Heimat Shoppen\\\" in den Startl\u00f6chern - Gewerbeverein Ensheim\",\"isPartOf\":{\"@id\":\"http:\\\/\\\/66131ensheim.de\\\/wordpress\\\/#website\"},\"datePublished\":\"2022-08-13T08:42:04+00:00\",\"dateModified\":\"2022-08-13T08:42:06+00:00\",\"breadcrumb\":{\"@id\":\"http:\\\/\\\/66131ensheim.de\\\/wordpress\\\/2022\\\/08\\\/13\\\/aktion-heimat-shoppen-in-den-startloechern\\\/#breadcrumb\"},\"inLanguage\":\"de\",\"potentialAction\":[{\"@type\":\"ReadAction\",\"target\":[\"http:\\\/\\\/66131ensheim.de\\\/wordpress\\\/2022\\\/08\\\/13\\\/aktion-heimat-shoppen-in-den-startloechern\\\/\"]}]},{\"@type\":\"BreadcrumbList\",\"@id\":\"http:\\\/\\\/66131ensheim.de\\\/wordpress\\\/2022\\\/08\\\/13\\\/aktion-heimat-shoppen-in-den-startloechern\\\/#breadcrumb\",\"itemListElement\":[{\"@type\":\"ListItem\",\"position\":1,\"name\":\"Startseite\",\"item\":\"http:\\\/\\\/66131ensheim.de\\\/wordpress\\\/\"},{\"@type\":\"ListItem\",\"position\":2,\"name\":\"Aktion &#8222;Heimat Shoppen&#8220; in den Startl\u00f6chern\"}]},{\"@type\":\"WebSite\",\"@id\":\"http:\\\/\\\/66131ensheim.de\\\/wordpress\\\/#website\",\"url\":\"http:\\\/\\\/66131ensheim.de\\\/wordpress\\\/\",\"name\":\"Gewerbeverein Ensheim\",\"description\":\"\",\"publisher\":{\"@id\":\"http:\\\/\\\/66131ensheim.de\\\/wordpress\\\/#organization\"},\"potentialAction\":[{\"@type\":\"SearchAction\",\"target\":{\"@type\":\"EntryPoint\",\"urlTemplate\":\"http:\\\/\\\/66131ensheim.de\\\/wordpress\\\/?s={search_term_string}\"},\"query-input\":{\"@type\":\"PropertyValueSpecification\",\"valueRequired\":true,\"valueName\":\"search_term_string\"}}],\"inLanguage\":\"de\"},{\"@type\":\"Organization\",\"@id\":\"http:\\\/\\\/66131ensheim.de\\\/wordpress\\\/#organization\",\"name\":\"Gewerbeverein Ensheim e.V.\",\"url\":\"http:\\\/\\\/66131ensheim.de\\\/wordpress\\\/\",\"logo\":{\"@type\":\"ImageObject\",\"inLanguage\":\"de\",\"@id\":\"http:\\\/\\\/66131ensheim.de\\\/wordpress\\\/#\\\/schema\\\/logo\\\/image\\\/\",\"url\":\"https:\\\/\\\/66131ensheim.de\\\/wordpress\\\/wp-content\\\/uploads\\\/2018\\\/07\\\/Aufkleber.jpg\",\"contentUrl\":\"https:\\\/\\\/66131ensheim.de\\\/wordpress\\\/wp-content\\\/uploads\\\/2018\\\/07\\\/Aufkleber.jpg\",\"width\":1667,\"height\":1667,\"caption\":\"Gewerbeverein Ensheim e.V.\"},\"image\":{\"@id\":\"http:\\\/\\\/66131ensheim.de\\\/wordpress\\\/#\\\/schema\\\/logo\\\/image\\\/\"},\"sameAs\":[\"https:\\\/\\\/www.facebook.com\\\/EnsheimSaar\\\/\",\"https:\\\/\\\/www.instagram.com\\\/gewerbeverein.ensheim\\\/\"]},{\"@type\":\"Person\",\"@id\":\"http:\\\/\\\/66131ensheim.de\\\/wordpress\\\/#\\\/schema\\\/person\\\/210ee9c63c5e30f18453372823a88de8\",\"name\":\"Stefan Vogelgesang\",\"image\":{\"@type\":\"ImageObject\",\"inLanguage\":\"de\",\"@id\":\"https:\\\/\\\/secure.gravatar.com\\\/avatar\\\/5633e4c0de8771818b0e2f3c72ef14f79d7bfd1aa794c0c5b5c7e17fe9ee3caa?s=96&d=mm&r=g\",\"url\":\"https:\\\/\\\/secure.gravatar.com\\\/avatar\\\/5633e4c0de8771818b0e2f3c72ef14f79d7bfd1aa794c0c5b5c7e17fe9ee3caa?s=96&d=mm&r=g\",\"contentUrl\":\"https:\\\/\\\/secure.gravatar.com\\\/avatar\\\/5633e4c0de8771818b0e2f3c72ef14f79d7bfd1aa794c0c5b5c7e17fe9ee3caa?s=96&d=mm&r=g\",\"caption\":\"Stefan Vogelgesang\"}}]}<\/script>\n<!-- \/ Yoast SEO plugin. -->","yoast_head_json":{"title":"Aktion \"Heimat Shoppen\" in den Startl\u00f6chern - Gewerbeverein Ensheim","robots":{"index":"index","follow":"follow","max-snippet":"max-snippet:-1","max-image-preview":"max-image-preview:large","max-video-preview":"max-video-preview:-1"},"canonical":"http:\/\/66131ensheim.de\/wordpress\/2022\/08\/13\/aktion-heimat-shoppen-in-den-startloechern\/","og_locale":"de_DE","og_type":"article","og_title":"Aktion \"Heimat Shoppen\" in den Startl\u00f6chern - Gewerbeverein Ensheim","og_description":"Im Saarland werden voraussichtlich wieder mehr als 1300 Gesch\u00e4fte an der deutschlandweiten Aktion &#8222;Heimat shoppen&#8220; teilnehmen. Damit soll der lokale Einzelhandel gest\u00e4rkt werden. Am 9. und 10. September sind bundesweite Aktionstage im Rahmen der Initiative Heimat Shoppen geplant. Nach Angaben der Industrie- und Handelskammer (IHK) geht es dabei unter anderem darum, den \u00f6rtlichen Einzelhandel gegen\u00fcber den Internet-Einkaufsplattformen zu st\u00e4rken. Die IHK unterst\u00fctzt die Aktion mit Werbeartikeln. Dazu geh\u00f6rten unter anderem vierzigtausend Einkaufst\u00fcten. Die Gesch\u00e4fte planten au\u00dferdem eigene Werbema\u00dfnahmen. AUFMERKSAMKEIT AUF ... Weiter","og_url":"http:\/\/66131ensheim.de\/wordpress\/2022\/08\/13\/aktion-heimat-shoppen-in-den-startloechern\/","og_site_name":"Gewerbeverein Ensheim","article_publisher":"https:\/\/www.facebook.com\/EnsheimSaar\/","article_published_time":"2022-08-13T08:42:04+00:00","article_modified_time":"2022-08-13T08:42:06+00:00","author":"Stefan Vogelgesang","twitter_card":"summary_large_image","twitter_misc":{"Verfasst von":"Stefan Vogelgesang","Gesch\u00e4tzte Lesezeit":"1\u00a0Minute"},"schema":{"@context":"https:\/\/schema.org","@graph":[{"@type":"Article","@id":"http:\/\/66131ensheim.de\/wordpress\/2022\/08\/13\/aktion-heimat-shoppen-in-den-startloechern\/#article","isPartOf":{"@id":"http:\/\/66131ensheim.de\/wordpress\/2022\/08\/13\/aktion-heimat-shoppen-in-den-startloechern\/"},"author":{"name":"Stefan Vogelgesang","@id":"http:\/\/66131ensheim.de\/wordpress\/#\/schema\/person\/210ee9c63c5e30f18453372823a88de8"},"headline":"Aktion &#8222;Heimat Shoppen&#8220; in den Startl\u00f6chern","datePublished":"2022-08-13T08:42:04+00:00","dateModified":"2022-08-13T08:42:06+00:00","mainEntityOfPage":{"@id":"http:\/\/66131ensheim.de\/wordpress\/2022\/08\/13\/aktion-heimat-shoppen-in-den-startloechern\/"},"wordCount":152,"commentCount":0,"publisher":{"@id":"http:\/\/66131ensheim.de\/wordpress\/#organization"},"inLanguage":"de","potentialAction":[{"@type":"CommentAction","name":"Comment","target":["http:\/\/66131ensheim.de\/wordpress\/2022\/08\/13\/aktion-heimat-shoppen-in-den-startloechern\/#respond"]}]},{"@type":"WebPage","@id":"http:\/\/66131ensheim.de\/wordpress\/2022\/08\/13\/aktion-heimat-shoppen-in-den-startloechern\/","url":"http:\/\/66131ensheim.de\/wordpress\/2022\/08\/13\/aktion-heimat-shoppen-in-den-startloechern\/","name":"Aktion \"Heimat Shoppen\" in den Startl\u00f6chern - Gewerbeverein Ensheim","isPartOf":{"@id":"http:\/\/66131ensheim.de\/wordpress\/#website"},"datePublished":"2022-08-13T08:42:04+00:00","dateModified":"2022-08-13T08:42:06+00:00","breadcrumb":{"@id":"http:\/\/66131ensheim.de\/wordpress\/2022\/08\/13\/aktion-heimat-shoppen-in-den-startloechern\/#breadcrumb"},"inLanguage":"de","potentialAction":[{"@type":"ReadAction","target":["http:\/\/66131ensheim.de\/wordpress\/2022\/08\/13\/aktion-heimat-shoppen-in-den-startloechern\/"]}]},{"@type":"BreadcrumbList","@id":"http:\/\/66131ensheim.de\/wordpress\/2022\/08\/13\/aktion-heimat-shoppen-in-den-startloechern\/#breadcrumb","itemListElement":[{"@type":"ListItem","position":1,"name":"Startseite","item":"http:\/\/66131ensheim.de\/wordpress\/"},{"@type":"ListItem","position":2,"name":"Aktion &#8222;Heimat Shoppen&#8220; in den Startl\u00f6chern"}]},{"@type":"WebSite","@id":"http:\/\/66131ensheim.de\/wordpress\/#website","url":"http:\/\/66131ensheim.de\/wordpress\/","name":"Gewerbeverein Ensheim","description":"","publisher":{"@id":"http:\/\/66131ensheim.de\/wordpress\/#organization"},"potentialAction":[{"@type":"SearchAction","target":{"@type":"EntryPoint","urlTemplate":"http:\/\/66131ensheim.de\/wordpress\/?s={search_term_string}"},"query-input":{"@type":"PropertyValueSpecification","valueRequired":true,"valueName":"search_term_string"}}],"inLanguage":"de"},{"@type":"Organization","@id":"http:\/\/66131ensheim.de\/wordpress\/#organization","name":"Gewerbeverein Ensheim e.V.","url":"http:\/\/66131ensheim.de\/wordpress\/","logo":{"@type":"ImageObject","inLanguage":"de","@id":"http:\/\/66131ensheim.de\/wordpress\/#\/schema\/logo\/image\/","url":"https:\/\/66131ensheim.de\/wordpress\/wp-content\/uploads\/2018\/07\/Aufkleber.jpg","contentUrl":"https:\/\/66131ensheim.de\/wordpress\/wp-content\/uploads\/2018\/07\/Aufkleber.jpg","width":1667,"height":1667,"caption":"Gewerbeverein Ensheim e.V."},"image":{"@id":"http:\/\/66131ensheim.de\/wordpress\/#\/schema\/logo\/image\/"},"sameAs":["https:\/\/www.facebook.com\/EnsheimSaar\/","https:\/\/www.instagram.com\/gewerbeverein.ensheim\/"]},{"@type":"Person","@id":"http:\/\/66131ensheim.de\/wordpress\/#\/schema\/person\/210ee9c63c5e30f18453372823a88de8","name":"Stefan Vogelgesang","image":{"@type":"ImageObject","inLanguage":"de","@id":"https:\/\/secure.gravatar.com\/avatar\/5633e4c0de8771818b0e2f3c72ef14f79d7bfd1aa794c0c5b5c7e17fe9ee3caa?s=96&d=mm&r=g","url":"https:\/\/secure.gravatar.com\/avatar\/5633e4c0de8771818b0e2f3c72ef14f79d7bfd1aa794c0c5b5c7e17fe9ee3caa?s=96&d=mm&r=g","contentUrl":"https:\/\/secure.gravatar.com\/avatar\/5633e4c0de8771818b0e2f3c72ef14f79d7bfd1aa794c0c5b5c7e17fe9ee3caa?s=96&d=mm&r=g","caption":"Stefan Vogelgesang"}}]}},"_links":{"self":[{"href":"http:\/\/66131ensheim.de\/wordpress\/wp-json\/wp\/v2\/posts\/3446","targetHints":{"allow":["GET"]}}],"collection":[{"href":"http:\/\/66131ensheim.de\/wordpress\/wp-json\/wp\/v2\/posts"}],"about":[{"href":"http:\/\/66131ensheim.de\/wordpress\/wp-json\/wp\/v2\/types\/post"}],"author":[{"embeddable":true,"href":"http:\/\/66131ensheim.de\/wordpress\/wp-json\/wp\/v2\/users\/1"}],"replies":[{"embeddable":true,"href":"http:\/\/66131ensheim.de\/wordpress\/wp-json\/wp\/v2\/comments?post=3446"}],"version-history":[{"count":1,"href":"http:\/\/66131ensheim.de\/wordpress\/wp-json\/wp\/v2\/posts\/3446\/revisions"}],"predecessor-version":[{"id":3447,"href":"http:\/\/66131ensheim.de\/wordpress\/wp-json\/wp\/v2\/posts\/3446\/revisions\/3447"}],"wp:attachment":[{"href":"http:\/\/66131ensheim.de\/wordpress\/wp-json\/wp\/v2\/media?parent=3446"}],"wp:term":[{"taxonomy":"category","embeddable":true,"href":"http:\/\/66131ensheim.de\/wordpress\/wp-json\/wp\/v2\/categories?post=3446"},{"taxonomy":"post_tag","embeddable":true,"href":"http:\/\/66131ensheim.de\/wordpress\/wp-json\/wp\/v2\/tags?post=3446"}],"curies":[{"name":"wp","href":"https:\/\/api.w.org\/{rel}","templated":true}]}}