{"id":3488,"date":"2022-08-26T17:29:34","date_gmt":"2022-08-26T15:29:34","guid":{"rendered":"https:\/\/66131ensheim.de\/wordpress\/?p=3488"},"modified":"2022-08-26T17:35:41","modified_gmt":"2022-08-26T15:35:41","slug":"flyer-zum-heimat-shoppen-wird-verteilt","status":"publish","type":"post","link":"http:\/\/66131ensheim.de\/wordpress\/2022\/08\/26\/flyer-zum-heimat-shoppen-wird-verteilt\/","title":{"rendered":"Flyer zum Heimat Shoppen wird verteilt"},"content":{"rendered":"\n<p>Um Heimat Shoppen in die K\u00f6pfe der Kunden zu bringen haben wir einen Flyer drucken lassen, der in den n\u00e4chsten Tagen in den umliegenden Orten verteilt wird.<\/p>\n\n\n\n<p>Die Teilnehmer der Aktion finden Sie t\u00e4glich aktualisiert <a href=\"https:\/\/66131ensheim.de\/wordpress\/vereinsinfo\/heimat-shoppen-2022\/\">hier<\/a>.<\/p>\n\n\n\n<figure class=\"wp-block-gallery has-nested-images columns-default is-cropped wp-block-gallery-2 is-layout-flex wp-block-gallery-is-layout-flex\">\n<figure class=\"wp-block-image size-large\"><a href=\"https:\/\/66131ensheim.de\/wordpress\/wp-content\/uploads\/2022\/08\/Flyer561.jpg\"><img loading=\"lazy\" decoding=\"async\" width=\"1024\" height=\"693\" data-id=\"3489\" src=\"https:\/\/66131ensheim.de\/wordpress\/wp-content\/uploads\/2022\/08\/Flyer561-1024x693.jpg\" alt=\"\" class=\"wp-image-3489\" srcset=\"http:\/\/66131ensheim.de\/wordpress\/wp-content\/uploads\/2022\/08\/Flyer561-1024x693.jpg 1024w, http:\/\/66131ensheim.de\/wordpress\/wp-content\/uploads\/2022\/08\/Flyer561-300x203.jpg 300w, http:\/\/66131ensheim.de\/wordpress\/wp-content\/uploads\/2022\/08\/Flyer561-768x520.jpg 768w, http:\/\/66131ensheim.de\/wordpress\/wp-content\/uploads\/2022\/08\/Flyer561-1536x1040.jpg 1536w, http:\/\/66131ensheim.de\/wordpress\/wp-content\/uploads\/2022\/08\/Flyer561-2048x1387.jpg 2048w\" sizes=\"auto, (max-width: 1024px) 100vw, 1024px\" \/><\/a><\/figure>\n\n\n\n<figure class=\"wp-block-image size-large\"><a href=\"https:\/\/66131ensheim.de\/wordpress\/wp-content\/uploads\/2022\/08\/Flyer234.jpg\"><img loading=\"lazy\" decoding=\"async\" width=\"1024\" height=\"693\" data-id=\"3490\" src=\"https:\/\/66131ensheim.de\/wordpress\/wp-content\/uploads\/2022\/08\/Flyer234-1024x693.jpg\" alt=\"\" class=\"wp-image-3490\" srcset=\"http:\/\/66131ensheim.de\/wordpress\/wp-content\/uploads\/2022\/08\/Flyer234-1024x693.jpg 1024w, http:\/\/66131ensheim.de\/wordpress\/wp-content\/uploads\/2022\/08\/Flyer234-300x203.jpg 300w, http:\/\/66131ensheim.de\/wordpress\/wp-content\/uploads\/2022\/08\/Flyer234-768x520.jpg 768w, http:\/\/66131ensheim.de\/wordpress\/wp-content\/uploads\/2022\/08\/Flyer234-1536x1040.jpg 1536w, http:\/\/66131ensheim.de\/wordpress\/wp-content\/uploads\/2022\/08\/Flyer234-2048x1387.jpg 2048w\" sizes=\"auto, (max-width: 1024px) 100vw, 1024px\" \/><\/a><\/figure>\n<\/figure>\n","protected":false},"excerpt":{"rendered":"<p>Um Heimat Shoppen in die K\u00f6pfe der Kunden zu bringen haben wir einen Flyer drucken lassen, der in den n\u00e4chsten Tagen in den umliegenden Orten verteilt wird. Die Teilnehmer der Aktion finden Sie t\u00e4glich aktualisiert hier.<\/p>\n","protected":false},"author":1,"featured_media":3493,"comment_status":"open","ping_status":"open","sticky":false,"template":"","format":"standard","meta":{"ngg_post_thumbnail":0,"generate_page_header":"","footnotes":""},"categories":[1],"tags":[],"class_list":["post-3488","post","type-post","status-publish","format-standard","has-post-thumbnail","hentry","category-allgemein","resize-featured-image"],"yoast_head":"<!-- This site is optimized with the Yoast SEO plugin v27.5 - https:\/\/yoast.com\/product\/yoast-seo-wordpress\/ -->\n<title>Flyer zum Heimat Shoppen wird verteilt - Gewerbeverein Ensheim<\/title>\n<meta name=\"robots\" content=\"index, follow, max-snippet:-1, max-image-preview:large, max-video-preview:-1\" \/>\n<link rel=\"canonical\" href=\"http:\/\/66131ensheim.de\/wordpress\/2022\/08\/26\/flyer-zum-heimat-shoppen-wird-verteilt\/\" \/>\n<meta property=\"og:locale\" content=\"de_DE\" \/>\n<meta property=\"og:type\" content=\"article\" \/>\n<meta property=\"og:title\" content=\"Flyer zum Heimat Shoppen wird verteilt - Gewerbeverein Ensheim\" \/>\n<meta property=\"og:description\" content=\"Um Heimat Shoppen in die K\u00f6pfe der Kunden zu bringen haben wir einen Flyer drucken lassen, der in den n\u00e4chsten Tagen in den umliegenden Orten verteilt wird. Die Teilnehmer der Aktion finden Sie t\u00e4glich aktualisiert hier.\" \/>\n<meta property=\"og:url\" content=\"http:\/\/66131ensheim.de\/wordpress\/2022\/08\/26\/flyer-zum-heimat-shoppen-wird-verteilt\/\" \/>\n<meta property=\"og:site_name\" content=\"Gewerbeverein Ensheim\" \/>\n<meta property=\"article:publisher\" content=\"https:\/\/www.facebook.com\/EnsheimSaar\/\" \/>\n<meta property=\"article:published_time\" content=\"2022-08-26T15:29:34+00:00\" \/>\n<meta property=\"article:modified_time\" content=\"2022-08-26T15:35:41+00:00\" \/>\n<meta property=\"og:image\" content=\"http:\/\/66131ensheim.de\/wordpress\/wp-content\/uploads\/2022\/08\/FlyerHS22.jpg\" \/>\n\t<meta property=\"og:image:width\" content=\"1000\" \/>\n\t<meta property=\"og:image:height\" content=\"1000\" \/>\n\t<meta property=\"og:image:type\" content=\"image\/jpeg\" \/>\n<meta name=\"author\" content=\"Stefan Vogelgesang\" \/>\n<meta name=\"twitter:card\" content=\"summary_large_image\" \/>\n<meta name=\"twitter:label1\" content=\"Verfasst von\" \/>\n\t<meta name=\"twitter:data1\" content=\"Stefan Vogelgesang\" \/>\n\t<meta name=\"twitter:label2\" content=\"Gesch\u00e4tzte Lesezeit\" \/>\n\t<meta name=\"twitter:data2\" content=\"1\u00a0Minute\" \/>\n<script type=\"application\/ld+json\" class=\"yoast-schema-graph\">{\"@context\":\"https:\\\/\\\/schema.org\",\"@graph\":[{\"@type\":\"Article\",\"@id\":\"http:\\\/\\\/66131ensheim.de\\\/wordpress\\\/2022\\\/08\\\/26\\\/flyer-zum-heimat-shoppen-wird-verteilt\\\/#article\",\"isPartOf\":{\"@id\":\"http:\\\/\\\/66131ensheim.de\\\/wordpress\\\/2022\\\/08\\\/26\\\/flyer-zum-heimat-shoppen-wird-verteilt\\\/\"},\"author\":{\"name\":\"Stefan Vogelgesang\",\"@id\":\"http:\\\/\\\/66131ensheim.de\\\/wordpress\\\/#\\\/schema\\\/person\\\/210ee9c63c5e30f18453372823a88de8\"},\"headline\":\"Flyer zum Heimat Shoppen wird verteilt\",\"datePublished\":\"2022-08-26T15:29:34+00:00\",\"dateModified\":\"2022-08-26T15:35:41+00:00\",\"mainEntityOfPage\":{\"@id\":\"http:\\\/\\\/66131ensheim.de\\\/wordpress\\\/2022\\\/08\\\/26\\\/flyer-zum-heimat-shoppen-wird-verteilt\\\/\"},\"wordCount\":45,\"commentCount\":0,\"publisher\":{\"@id\":\"http:\\\/\\\/66131ensheim.de\\\/wordpress\\\/#organization\"},\"image\":{\"@id\":\"http:\\\/\\\/66131ensheim.de\\\/wordpress\\\/2022\\\/08\\\/26\\\/flyer-zum-heimat-shoppen-wird-verteilt\\\/#primaryimage\"},\"thumbnailUrl\":\"http:\\\/\\\/66131ensheim.de\\\/wordpress\\\/wp-content\\\/uploads\\\/2022\\\/08\\\/FlyerHS22.jpg\",\"inLanguage\":\"de\",\"potentialAction\":[{\"@type\":\"CommentAction\",\"name\":\"Comment\",\"target\":[\"http:\\\/\\\/66131ensheim.de\\\/wordpress\\\/2022\\\/08\\\/26\\\/flyer-zum-heimat-shoppen-wird-verteilt\\\/#respond\"]}]},{\"@type\":\"WebPage\",\"@id\":\"http:\\\/\\\/66131ensheim.de\\\/wordpress\\\/2022\\\/08\\\/26\\\/flyer-zum-heimat-shoppen-wird-verteilt\\\/\",\"url\":\"http:\\\/\\\/66131ensheim.de\\\/wordpress\\\/2022\\\/08\\\/26\\\/flyer-zum-heimat-shoppen-wird-verteilt\\\/\",\"name\":\"Flyer zum Heimat Shoppen wird verteilt - Gewerbeverein Ensheim\",\"isPartOf\":{\"@id\":\"http:\\\/\\\/66131ensheim.de\\\/wordpress\\\/#website\"},\"primaryImageOfPage\":{\"@id\":\"http:\\\/\\\/66131ensheim.de\\\/wordpress\\\/2022\\\/08\\\/26\\\/flyer-zum-heimat-shoppen-wird-verteilt\\\/#primaryimage\"},\"image\":{\"@id\":\"http:\\\/\\\/66131ensheim.de\\\/wordpress\\\/2022\\\/08\\\/26\\\/flyer-zum-heimat-shoppen-wird-verteilt\\\/#primaryimage\"},\"thumbnailUrl\":\"http:\\\/\\\/66131ensheim.de\\\/wordpress\\\/wp-content\\\/uploads\\\/2022\\\/08\\\/FlyerHS22.jpg\",\"datePublished\":\"2022-08-26T15:29:34+00:00\",\"dateModified\":\"2022-08-26T15:35:41+00:00\",\"breadcrumb\":{\"@id\":\"http:\\\/\\\/66131ensheim.de\\\/wordpress\\\/2022\\\/08\\\/26\\\/flyer-zum-heimat-shoppen-wird-verteilt\\\/#breadcrumb\"},\"inLanguage\":\"de\",\"potentialAction\":[{\"@type\":\"ReadAction\",\"target\":[\"http:\\\/\\\/66131ensheim.de\\\/wordpress\\\/2022\\\/08\\\/26\\\/flyer-zum-heimat-shoppen-wird-verteilt\\\/\"]}]},{\"@type\":\"ImageObject\",\"inLanguage\":\"de\",\"@id\":\"http:\\\/\\\/66131ensheim.de\\\/wordpress\\\/2022\\\/08\\\/26\\\/flyer-zum-heimat-shoppen-wird-verteilt\\\/#primaryimage\",\"url\":\"http:\\\/\\\/66131ensheim.de\\\/wordpress\\\/wp-content\\\/uploads\\\/2022\\\/08\\\/FlyerHS22.jpg\",\"contentUrl\":\"http:\\\/\\\/66131ensheim.de\\\/wordpress\\\/wp-content\\\/uploads\\\/2022\\\/08\\\/FlyerHS22.jpg\",\"width\":1000,\"height\":1000},{\"@type\":\"BreadcrumbList\",\"@id\":\"http:\\\/\\\/66131ensheim.de\\\/wordpress\\\/2022\\\/08\\\/26\\\/flyer-zum-heimat-shoppen-wird-verteilt\\\/#breadcrumb\",\"itemListElement\":[{\"@type\":\"ListItem\",\"position\":1,\"name\":\"Startseite\",\"item\":\"http:\\\/\\\/66131ensheim.de\\\/wordpress\\\/\"},{\"@type\":\"ListItem\",\"position\":2,\"name\":\"Flyer zum Heimat Shoppen wird verteilt\"}]},{\"@type\":\"WebSite\",\"@id\":\"http:\\\/\\\/66131ensheim.de\\\/wordpress\\\/#website\",\"url\":\"http:\\\/\\\/66131ensheim.de\\\/wordpress\\\/\",\"name\":\"Gewerbeverein Ensheim\",\"description\":\"\",\"publisher\":{\"@id\":\"http:\\\/\\\/66131ensheim.de\\\/wordpress\\\/#organization\"},\"potentialAction\":[{\"@type\":\"SearchAction\",\"target\":{\"@type\":\"EntryPoint\",\"urlTemplate\":\"http:\\\/\\\/66131ensheim.de\\\/wordpress\\\/?s={search_term_string}\"},\"query-input\":{\"@type\":\"PropertyValueSpecification\",\"valueRequired\":true,\"valueName\":\"search_term_string\"}}],\"inLanguage\":\"de\"},{\"@type\":\"Organization\",\"@id\":\"http:\\\/\\\/66131ensheim.de\\\/wordpress\\\/#organization\",\"name\":\"Gewerbeverein Ensheim e.V.\",\"url\":\"http:\\\/\\\/66131ensheim.de\\\/wordpress\\\/\",\"logo\":{\"@type\":\"ImageObject\",\"inLanguage\":\"de\",\"@id\":\"http:\\\/\\\/66131ensheim.de\\\/wordpress\\\/#\\\/schema\\\/logo\\\/image\\\/\",\"url\":\"https:\\\/\\\/66131ensheim.de\\\/wordpress\\\/wp-content\\\/uploads\\\/2018\\\/07\\\/Aufkleber.jpg\",\"contentUrl\":\"https:\\\/\\\/66131ensheim.de\\\/wordpress\\\/wp-content\\\/uploads\\\/2018\\\/07\\\/Aufkleber.jpg\",\"width\":1667,\"height\":1667,\"caption\":\"Gewerbeverein Ensheim e.V.\"},\"image\":{\"@id\":\"http:\\\/\\\/66131ensheim.de\\\/wordpress\\\/#\\\/schema\\\/logo\\\/image\\\/\"},\"sameAs\":[\"https:\\\/\\\/www.facebook.com\\\/EnsheimSaar\\\/\",\"https:\\\/\\\/www.instagram.com\\\/gewerbeverein.ensheim\\\/\"]},{\"@type\":\"Person\",\"@id\":\"http:\\\/\\\/66131ensheim.de\\\/wordpress\\\/#\\\/schema\\\/person\\\/210ee9c63c5e30f18453372823a88de8\",\"name\":\"Stefan Vogelgesang\",\"image\":{\"@type\":\"ImageObject\",\"inLanguage\":\"de\",\"@id\":\"https:\\\/\\\/secure.gravatar.com\\\/avatar\\\/5633e4c0de8771818b0e2f3c72ef14f79d7bfd1aa794c0c5b5c7e17fe9ee3caa?s=96&d=mm&r=g\",\"url\":\"https:\\\/\\\/secure.gravatar.com\\\/avatar\\\/5633e4c0de8771818b0e2f3c72ef14f79d7bfd1aa794c0c5b5c7e17fe9ee3caa?s=96&d=mm&r=g\",\"contentUrl\":\"https:\\\/\\\/secure.gravatar.com\\\/avatar\\\/5633e4c0de8771818b0e2f3c72ef14f79d7bfd1aa794c0c5b5c7e17fe9ee3caa?s=96&d=mm&r=g\",\"caption\":\"Stefan Vogelgesang\"}}]}<\/script>\n<!-- \/ Yoast SEO plugin. -->","yoast_head_json":{"title":"Flyer zum Heimat Shoppen wird verteilt - Gewerbeverein Ensheim","robots":{"index":"index","follow":"follow","max-snippet":"max-snippet:-1","max-image-preview":"max-image-preview:large","max-video-preview":"max-video-preview:-1"},"canonical":"http:\/\/66131ensheim.de\/wordpress\/2022\/08\/26\/flyer-zum-heimat-shoppen-wird-verteilt\/","og_locale":"de_DE","og_type":"article","og_title":"Flyer zum Heimat Shoppen wird verteilt - Gewerbeverein Ensheim","og_description":"Um Heimat Shoppen in die K\u00f6pfe der Kunden zu bringen haben wir einen Flyer drucken lassen, der in den n\u00e4chsten Tagen in den umliegenden Orten verteilt wird. Die Teilnehmer der Aktion finden Sie t\u00e4glich aktualisiert hier.","og_url":"http:\/\/66131ensheim.de\/wordpress\/2022\/08\/26\/flyer-zum-heimat-shoppen-wird-verteilt\/","og_site_name":"Gewerbeverein Ensheim","article_publisher":"https:\/\/www.facebook.com\/EnsheimSaar\/","article_published_time":"2022-08-26T15:29:34+00:00","article_modified_time":"2022-08-26T15:35:41+00:00","og_image":[{"width":1000,"height":1000,"url":"http:\/\/66131ensheim.de\/wordpress\/wp-content\/uploads\/2022\/08\/FlyerHS22.jpg","type":"image\/jpeg"}],"author":"Stefan Vogelgesang","twitter_card":"summary_large_image","twitter_misc":{"Verfasst von":"Stefan Vogelgesang","Gesch\u00e4tzte Lesezeit":"1\u00a0Minute"},"schema":{"@context":"https:\/\/schema.org","@graph":[{"@type":"Article","@id":"http:\/\/66131ensheim.de\/wordpress\/2022\/08\/26\/flyer-zum-heimat-shoppen-wird-verteilt\/#article","isPartOf":{"@id":"http:\/\/66131ensheim.de\/wordpress\/2022\/08\/26\/flyer-zum-heimat-shoppen-wird-verteilt\/"},"author":{"name":"Stefan Vogelgesang","@id":"http:\/\/66131ensheim.de\/wordpress\/#\/schema\/person\/210ee9c63c5e30f18453372823a88de8"},"headline":"Flyer zum Heimat Shoppen wird verteilt","datePublished":"2022-08-26T15:29:34+00:00","dateModified":"2022-08-26T15:35:41+00:00","mainEntityOfPage":{"@id":"http:\/\/66131ensheim.de\/wordpress\/2022\/08\/26\/flyer-zum-heimat-shoppen-wird-verteilt\/"},"wordCount":45,"commentCount":0,"publisher":{"@id":"http:\/\/66131ensheim.de\/wordpress\/#organization"},"image":{"@id":"http:\/\/66131ensheim.de\/wordpress\/2022\/08\/26\/flyer-zum-heimat-shoppen-wird-verteilt\/#primaryimage"},"thumbnailUrl":"http:\/\/66131ensheim.de\/wordpress\/wp-content\/uploads\/2022\/08\/FlyerHS22.jpg","inLanguage":"de","potentialAction":[{"@type":"CommentAction","name":"Comment","target":["http:\/\/66131ensheim.de\/wordpress\/2022\/08\/26\/flyer-zum-heimat-shoppen-wird-verteilt\/#respond"]}]},{"@type":"WebPage","@id":"http:\/\/66131ensheim.de\/wordpress\/2022\/08\/26\/flyer-zum-heimat-shoppen-wird-verteilt\/","url":"http:\/\/66131ensheim.de\/wordpress\/2022\/08\/26\/flyer-zum-heimat-shoppen-wird-verteilt\/","name":"Flyer zum Heimat Shoppen wird verteilt - Gewerbeverein Ensheim","isPartOf":{"@id":"http:\/\/66131ensheim.de\/wordpress\/#website"},"primaryImageOfPage":{"@id":"http:\/\/66131ensheim.de\/wordpress\/2022\/08\/26\/flyer-zum-heimat-shoppen-wird-verteilt\/#primaryimage"},"image":{"@id":"http:\/\/66131ensheim.de\/wordpress\/2022\/08\/26\/flyer-zum-heimat-shoppen-wird-verteilt\/#primaryimage"},"thumbnailUrl":"http:\/\/66131ensheim.de\/wordpress\/wp-content\/uploads\/2022\/08\/FlyerHS22.jpg","datePublished":"2022-08-26T15:29:34+00:00","dateModified":"2022-08-26T15:35:41+00:00","breadcrumb":{"@id":"http:\/\/66131ensheim.de\/wordpress\/2022\/08\/26\/flyer-zum-heimat-shoppen-wird-verteilt\/#breadcrumb"},"inLanguage":"de","potentialAction":[{"@type":"ReadAction","target":["http:\/\/66131ensheim.de\/wordpress\/2022\/08\/26\/flyer-zum-heimat-shoppen-wird-verteilt\/"]}]},{"@type":"ImageObject","inLanguage":"de","@id":"http:\/\/66131ensheim.de\/wordpress\/2022\/08\/26\/flyer-zum-heimat-shoppen-wird-verteilt\/#primaryimage","url":"http:\/\/66131ensheim.de\/wordpress\/wp-content\/uploads\/2022\/08\/FlyerHS22.jpg","contentUrl":"http:\/\/66131ensheim.de\/wordpress\/wp-content\/uploads\/2022\/08\/FlyerHS22.jpg","width":1000,"height":1000},{"@type":"BreadcrumbList","@id":"http:\/\/66131ensheim.de\/wordpress\/2022\/08\/26\/flyer-zum-heimat-shoppen-wird-verteilt\/#breadcrumb","itemListElement":[{"@type":"ListItem","position":1,"name":"Startseite","item":"http:\/\/66131ensheim.de\/wordpress\/"},{"@type":"ListItem","position":2,"name":"Flyer zum Heimat Shoppen wird verteilt"}]},{"@type":"WebSite","@id":"http:\/\/66131ensheim.de\/wordpress\/#website","url":"http:\/\/66131ensheim.de\/wordpress\/","name":"Gewerbeverein Ensheim","description":"","publisher":{"@id":"http:\/\/66131ensheim.de\/wordpress\/#organization"},"potentialAction":[{"@type":"SearchAction","target":{"@type":"EntryPoint","urlTemplate":"http:\/\/66131ensheim.de\/wordpress\/?s={search_term_string}"},"query-input":{"@type":"PropertyValueSpecification","valueRequired":true,"valueName":"search_term_string"}}],"inLanguage":"de"},{"@type":"Organization","@id":"http:\/\/66131ensheim.de\/wordpress\/#organization","name":"Gewerbeverein Ensheim e.V.","url":"http:\/\/66131ensheim.de\/wordpress\/","logo":{"@type":"ImageObject","inLanguage":"de","@id":"http:\/\/66131ensheim.de\/wordpress\/#\/schema\/logo\/image\/","url":"https:\/\/66131ensheim.de\/wordpress\/wp-content\/uploads\/2018\/07\/Aufkleber.jpg","contentUrl":"https:\/\/66131ensheim.de\/wordpress\/wp-content\/uploads\/2018\/07\/Aufkleber.jpg","width":1667,"height":1667,"caption":"Gewerbeverein Ensheim e.V."},"image":{"@id":"http:\/\/66131ensheim.de\/wordpress\/#\/schema\/logo\/image\/"},"sameAs":["https:\/\/www.facebook.com\/EnsheimSaar\/","https:\/\/www.instagram.com\/gewerbeverein.ensheim\/"]},{"@type":"Person","@id":"http:\/\/66131ensheim.de\/wordpress\/#\/schema\/person\/210ee9c63c5e30f18453372823a88de8","name":"Stefan Vogelgesang","image":{"@type":"ImageObject","inLanguage":"de","@id":"https:\/\/secure.gravatar.com\/avatar\/5633e4c0de8771818b0e2f3c72ef14f79d7bfd1aa794c0c5b5c7e17fe9ee3caa?s=96&d=mm&r=g","url":"https:\/\/secure.gravatar.com\/avatar\/5633e4c0de8771818b0e2f3c72ef14f79d7bfd1aa794c0c5b5c7e17fe9ee3caa?s=96&d=mm&r=g","contentUrl":"https:\/\/secure.gravatar.com\/avatar\/5633e4c0de8771818b0e2f3c72ef14f79d7bfd1aa794c0c5b5c7e17fe9ee3caa?s=96&d=mm&r=g","caption":"Stefan Vogelgesang"}}]}},"_links":{"self":[{"href":"http:\/\/66131ensheim.de\/wordpress\/wp-json\/wp\/v2\/posts\/3488","targetHints":{"allow":["GET"]}}],"collection":[{"href":"http:\/\/66131ensheim.de\/wordpress\/wp-json\/wp\/v2\/posts"}],"about":[{"href":"http:\/\/66131ensheim.de\/wordpress\/wp-json\/wp\/v2\/types\/post"}],"author":[{"embeddable":true,"href":"http:\/\/66131ensheim.de\/wordpress\/wp-json\/wp\/v2\/users\/1"}],"replies":[{"embeddable":true,"href":"http:\/\/66131ensheim.de\/wordpress\/wp-json\/wp\/v2\/comments?post=3488"}],"version-history":[{"count":2,"href":"http:\/\/66131ensheim.de\/wordpress\/wp-json\/wp\/v2\/posts\/3488\/revisions"}],"predecessor-version":[{"id":3492,"href":"http:\/\/66131ensheim.de\/wordpress\/wp-json\/wp\/v2\/posts\/3488\/revisions\/3492"}],"wp:featuredmedia":[{"embeddable":true,"href":"http:\/\/66131ensheim.de\/wordpress\/wp-json\/wp\/v2\/media\/3493"}],"wp:attachment":[{"href":"http:\/\/66131ensheim.de\/wordpress\/wp-json\/wp\/v2\/media?parent=3488"}],"wp:term":[{"taxonomy":"category","embeddable":true,"href":"http:\/\/66131ensheim.de\/wordpress\/wp-json\/wp\/v2\/categories?post=3488"},{"taxonomy":"post_tag","embeddable":true,"href":"http:\/\/66131ensheim.de\/wordpress\/wp-json\/wp\/v2\/tags?post=3488"}],"curies":[{"name":"wp","href":"https:\/\/api.w.org\/{rel}","templated":true}]}}