{"id":3923,"date":"2024-01-09T15:11:42","date_gmt":"2024-01-09T14:11:42","guid":{"rendered":"https:\/\/66131ensheim.de\/wordpress\/?p=3923"},"modified":"2024-01-09T15:11:44","modified_gmt":"2024-01-09T14:11:44","slug":"alles-gute-im-neuen-jahr","status":"publish","type":"post","link":"http:\/\/66131ensheim.de\/wordpress\/2024\/01\/09\/alles-gute-im-neuen-jahr\/","title":{"rendered":"Alles Gute im neuen Jahr"},"content":{"rendered":"\n<p>Der Gewerbeverein w\u00fcnscht allen Mitgliedern und Kunden unserer Mitglieder ein gesundes und frohes Jahr 2024<\/p>\n\n\n\n<p>Trotz immer schwieriger werdenden Bedingungen wollen wir wir auch 2024 neue Ideen umsetzen. Auch werden wir uns bem\u00fchen, dass es wieder ein Mitteilungsblatt geben wird, egal in welcher Form.<\/p>\n\n\n\n<p>Demn\u00e4chst laden wir wieder zu einem Treffen ein, in dem wir unsere neuen Ideen pr\u00e4sentieren m\u00f6chten.<\/p>\n","protected":false},"excerpt":{"rendered":"<p>Der Gewerbeverein w\u00fcnscht allen Mitgliedern und Kunden unserer Mitglieder ein gesundes und frohes Jahr 2024 Trotz immer schwieriger werdenden Bedingungen wollen wir wir auch 2024 neue Ideen umsetzen. Auch werden wir uns bem\u00fchen, dass es wieder ein Mitteilungsblatt geben wird, egal in welcher Form. Demn\u00e4chst laden wir wieder zu einem Treffen ein, in dem wir unsere neuen Ideen pr\u00e4sentieren m\u00f6chten.<\/p>\n","protected":false},"author":1,"featured_media":3924,"comment_status":"open","ping_status":"open","sticky":false,"template":"","format":"standard","meta":{"ngg_post_thumbnail":0,"generate_page_header":"","footnotes":""},"categories":[1],"tags":[],"class_list":["post-3923","post","type-post","status-publish","format-standard","has-post-thumbnail","hentry","category-allgemein","resize-featured-image"],"yoast_head":"<!-- This site is optimized with the Yoast SEO plugin v27.5 - https:\/\/yoast.com\/product\/yoast-seo-wordpress\/ -->\n<title>Alles Gute im neuen Jahr - Gewerbeverein Ensheim<\/title>\n<meta name=\"robots\" content=\"index, follow, max-snippet:-1, max-image-preview:large, max-video-preview:-1\" \/>\n<link rel=\"canonical\" href=\"http:\/\/66131ensheim.de\/wordpress\/2024\/01\/09\/alles-gute-im-neuen-jahr\/\" \/>\n<meta property=\"og:locale\" content=\"de_DE\" \/>\n<meta property=\"og:type\" content=\"article\" \/>\n<meta property=\"og:title\" content=\"Alles Gute im neuen Jahr - Gewerbeverein Ensheim\" \/>\n<meta property=\"og:description\" content=\"Der Gewerbeverein w\u00fcnscht allen Mitgliedern und Kunden unserer Mitglieder ein gesundes und frohes Jahr 2024 Trotz immer schwieriger werdenden Bedingungen wollen wir wir auch 2024 neue Ideen umsetzen. Auch werden wir uns bem\u00fchen, dass es wieder ein Mitteilungsblatt geben wird, egal in welcher Form. Demn\u00e4chst laden wir wieder zu einem Treffen ein, in dem wir unsere neuen Ideen pr\u00e4sentieren m\u00f6chten.\" \/>\n<meta property=\"og:url\" content=\"http:\/\/66131ensheim.de\/wordpress\/2024\/01\/09\/alles-gute-im-neuen-jahr\/\" \/>\n<meta property=\"og:site_name\" content=\"Gewerbeverein Ensheim\" \/>\n<meta property=\"article:publisher\" content=\"https:\/\/www.facebook.com\/EnsheimSaar\/\" \/>\n<meta property=\"article:published_time\" content=\"2024-01-09T14:11:42+00:00\" \/>\n<meta property=\"article:modified_time\" content=\"2024-01-09T14:11:44+00:00\" \/>\n<meta property=\"og:image\" content=\"http:\/\/66131ensheim.de\/wordpress\/wp-content\/uploads\/2024\/01\/2024.jpg\" \/>\n\t<meta property=\"og:image:width\" content=\"853\" \/>\n\t<meta property=\"og:image:height\" content=\"853\" \/>\n\t<meta property=\"og:image:type\" content=\"image\/jpeg\" \/>\n<meta name=\"author\" content=\"Stefan Vogelgesang\" \/>\n<meta name=\"twitter:card\" content=\"summary_large_image\" \/>\n<meta name=\"twitter:label1\" content=\"Verfasst von\" \/>\n\t<meta name=\"twitter:data1\" content=\"Stefan Vogelgesang\" \/>\n\t<meta name=\"twitter:label2\" content=\"Gesch\u00e4tzte Lesezeit\" \/>\n\t<meta name=\"twitter:data2\" content=\"1\u00a0Minute\" \/>\n<script type=\"application\/ld+json\" class=\"yoast-schema-graph\">{\"@context\":\"https:\\\/\\\/schema.org\",\"@graph\":[{\"@type\":\"Article\",\"@id\":\"http:\\\/\\\/66131ensheim.de\\\/wordpress\\\/2024\\\/01\\\/09\\\/alles-gute-im-neuen-jahr\\\/#article\",\"isPartOf\":{\"@id\":\"http:\\\/\\\/66131ensheim.de\\\/wordpress\\\/2024\\\/01\\\/09\\\/alles-gute-im-neuen-jahr\\\/\"},\"author\":{\"name\":\"Stefan Vogelgesang\",\"@id\":\"http:\\\/\\\/66131ensheim.de\\\/wordpress\\\/#\\\/schema\\\/person\\\/210ee9c63c5e30f18453372823a88de8\"},\"headline\":\"Alles Gute im neuen Jahr\",\"datePublished\":\"2024-01-09T14:11:42+00:00\",\"dateModified\":\"2024-01-09T14:11:44+00:00\",\"mainEntityOfPage\":{\"@id\":\"http:\\\/\\\/66131ensheim.de\\\/wordpress\\\/2024\\\/01\\\/09\\\/alles-gute-im-neuen-jahr\\\/\"},\"wordCount\":68,\"commentCount\":0,\"publisher\":{\"@id\":\"http:\\\/\\\/66131ensheim.de\\\/wordpress\\\/#organization\"},\"image\":{\"@id\":\"http:\\\/\\\/66131ensheim.de\\\/wordpress\\\/2024\\\/01\\\/09\\\/alles-gute-im-neuen-jahr\\\/#primaryimage\"},\"thumbnailUrl\":\"http:\\\/\\\/66131ensheim.de\\\/wordpress\\\/wp-content\\\/uploads\\\/2024\\\/01\\\/2024.jpg\",\"inLanguage\":\"de\",\"potentialAction\":[{\"@type\":\"CommentAction\",\"name\":\"Comment\",\"target\":[\"http:\\\/\\\/66131ensheim.de\\\/wordpress\\\/2024\\\/01\\\/09\\\/alles-gute-im-neuen-jahr\\\/#respond\"]}]},{\"@type\":\"WebPage\",\"@id\":\"http:\\\/\\\/66131ensheim.de\\\/wordpress\\\/2024\\\/01\\\/09\\\/alles-gute-im-neuen-jahr\\\/\",\"url\":\"http:\\\/\\\/66131ensheim.de\\\/wordpress\\\/2024\\\/01\\\/09\\\/alles-gute-im-neuen-jahr\\\/\",\"name\":\"Alles Gute im neuen Jahr - Gewerbeverein Ensheim\",\"isPartOf\":{\"@id\":\"http:\\\/\\\/66131ensheim.de\\\/wordpress\\\/#website\"},\"primaryImageOfPage\":{\"@id\":\"http:\\\/\\\/66131ensheim.de\\\/wordpress\\\/2024\\\/01\\\/09\\\/alles-gute-im-neuen-jahr\\\/#primaryimage\"},\"image\":{\"@id\":\"http:\\\/\\\/66131ensheim.de\\\/wordpress\\\/2024\\\/01\\\/09\\\/alles-gute-im-neuen-jahr\\\/#primaryimage\"},\"thumbnailUrl\":\"http:\\\/\\\/66131ensheim.de\\\/wordpress\\\/wp-content\\\/uploads\\\/2024\\\/01\\\/2024.jpg\",\"datePublished\":\"2024-01-09T14:11:42+00:00\",\"dateModified\":\"2024-01-09T14:11:44+00:00\",\"breadcrumb\":{\"@id\":\"http:\\\/\\\/66131ensheim.de\\\/wordpress\\\/2024\\\/01\\\/09\\\/alles-gute-im-neuen-jahr\\\/#breadcrumb\"},\"inLanguage\":\"de\",\"potentialAction\":[{\"@type\":\"ReadAction\",\"target\":[\"http:\\\/\\\/66131ensheim.de\\\/wordpress\\\/2024\\\/01\\\/09\\\/alles-gute-im-neuen-jahr\\\/\"]}]},{\"@type\":\"ImageObject\",\"inLanguage\":\"de\",\"@id\":\"http:\\\/\\\/66131ensheim.de\\\/wordpress\\\/2024\\\/01\\\/09\\\/alles-gute-im-neuen-jahr\\\/#primaryimage\",\"url\":\"http:\\\/\\\/66131ensheim.de\\\/wordpress\\\/wp-content\\\/uploads\\\/2024\\\/01\\\/2024.jpg\",\"contentUrl\":\"http:\\\/\\\/66131ensheim.de\\\/wordpress\\\/wp-content\\\/uploads\\\/2024\\\/01\\\/2024.jpg\",\"width\":853,\"height\":853},{\"@type\":\"BreadcrumbList\",\"@id\":\"http:\\\/\\\/66131ensheim.de\\\/wordpress\\\/2024\\\/01\\\/09\\\/alles-gute-im-neuen-jahr\\\/#breadcrumb\",\"itemListElement\":[{\"@type\":\"ListItem\",\"position\":1,\"name\":\"Startseite\",\"item\":\"http:\\\/\\\/66131ensheim.de\\\/wordpress\\\/\"},{\"@type\":\"ListItem\",\"position\":2,\"name\":\"Alles Gute im neuen Jahr\"}]},{\"@type\":\"WebSite\",\"@id\":\"http:\\\/\\\/66131ensheim.de\\\/wordpress\\\/#website\",\"url\":\"http:\\\/\\\/66131ensheim.de\\\/wordpress\\\/\",\"name\":\"Gewerbeverein Ensheim\",\"description\":\"\",\"publisher\":{\"@id\":\"http:\\\/\\\/66131ensheim.de\\\/wordpress\\\/#organization\"},\"potentialAction\":[{\"@type\":\"SearchAction\",\"target\":{\"@type\":\"EntryPoint\",\"urlTemplate\":\"http:\\\/\\\/66131ensheim.de\\\/wordpress\\\/?s={search_term_string}\"},\"query-input\":{\"@type\":\"PropertyValueSpecification\",\"valueRequired\":true,\"valueName\":\"search_term_string\"}}],\"inLanguage\":\"de\"},{\"@type\":\"Organization\",\"@id\":\"http:\\\/\\\/66131ensheim.de\\\/wordpress\\\/#organization\",\"name\":\"Gewerbeverein Ensheim e.V.\",\"url\":\"http:\\\/\\\/66131ensheim.de\\\/wordpress\\\/\",\"logo\":{\"@type\":\"ImageObject\",\"inLanguage\":\"de\",\"@id\":\"http:\\\/\\\/66131ensheim.de\\\/wordpress\\\/#\\\/schema\\\/logo\\\/image\\\/\",\"url\":\"https:\\\/\\\/66131ensheim.de\\\/wordpress\\\/wp-content\\\/uploads\\\/2018\\\/07\\\/Aufkleber.jpg\",\"contentUrl\":\"https:\\\/\\\/66131ensheim.de\\\/wordpress\\\/wp-content\\\/uploads\\\/2018\\\/07\\\/Aufkleber.jpg\",\"width\":1667,\"height\":1667,\"caption\":\"Gewerbeverein Ensheim e.V.\"},\"image\":{\"@id\":\"http:\\\/\\\/66131ensheim.de\\\/wordpress\\\/#\\\/schema\\\/logo\\\/image\\\/\"},\"sameAs\":[\"https:\\\/\\\/www.facebook.com\\\/EnsheimSaar\\\/\",\"https:\\\/\\\/www.instagram.com\\\/gewerbeverein.ensheim\\\/\"]},{\"@type\":\"Person\",\"@id\":\"http:\\\/\\\/66131ensheim.de\\\/wordpress\\\/#\\\/schema\\\/person\\\/210ee9c63c5e30f18453372823a88de8\",\"name\":\"Stefan Vogelgesang\",\"image\":{\"@type\":\"ImageObject\",\"inLanguage\":\"de\",\"@id\":\"https:\\\/\\\/secure.gravatar.com\\\/avatar\\\/5633e4c0de8771818b0e2f3c72ef14f79d7bfd1aa794c0c5b5c7e17fe9ee3caa?s=96&d=mm&r=g\",\"url\":\"https:\\\/\\\/secure.gravatar.com\\\/avatar\\\/5633e4c0de8771818b0e2f3c72ef14f79d7bfd1aa794c0c5b5c7e17fe9ee3caa?s=96&d=mm&r=g\",\"contentUrl\":\"https:\\\/\\\/secure.gravatar.com\\\/avatar\\\/5633e4c0de8771818b0e2f3c72ef14f79d7bfd1aa794c0c5b5c7e17fe9ee3caa?s=96&d=mm&r=g\",\"caption\":\"Stefan Vogelgesang\"}}]}<\/script>\n<!-- \/ Yoast SEO plugin. -->","yoast_head_json":{"title":"Alles Gute im neuen Jahr - Gewerbeverein Ensheim","robots":{"index":"index","follow":"follow","max-snippet":"max-snippet:-1","max-image-preview":"max-image-preview:large","max-video-preview":"max-video-preview:-1"},"canonical":"http:\/\/66131ensheim.de\/wordpress\/2024\/01\/09\/alles-gute-im-neuen-jahr\/","og_locale":"de_DE","og_type":"article","og_title":"Alles Gute im neuen Jahr - Gewerbeverein Ensheim","og_description":"Der Gewerbeverein w\u00fcnscht allen Mitgliedern und Kunden unserer Mitglieder ein gesundes und frohes Jahr 2024 Trotz immer schwieriger werdenden Bedingungen wollen wir wir auch 2024 neue Ideen umsetzen. Auch werden wir uns bem\u00fchen, dass es wieder ein Mitteilungsblatt geben wird, egal in welcher Form. Demn\u00e4chst laden wir wieder zu einem Treffen ein, in dem wir unsere neuen Ideen pr\u00e4sentieren m\u00f6chten.","og_url":"http:\/\/66131ensheim.de\/wordpress\/2024\/01\/09\/alles-gute-im-neuen-jahr\/","og_site_name":"Gewerbeverein Ensheim","article_publisher":"https:\/\/www.facebook.com\/EnsheimSaar\/","article_published_time":"2024-01-09T14:11:42+00:00","article_modified_time":"2024-01-09T14:11:44+00:00","og_image":[{"width":853,"height":853,"url":"http:\/\/66131ensheim.de\/wordpress\/wp-content\/uploads\/2024\/01\/2024.jpg","type":"image\/jpeg"}],"author":"Stefan Vogelgesang","twitter_card":"summary_large_image","twitter_misc":{"Verfasst von":"Stefan Vogelgesang","Gesch\u00e4tzte Lesezeit":"1\u00a0Minute"},"schema":{"@context":"https:\/\/schema.org","@graph":[{"@type":"Article","@id":"http:\/\/66131ensheim.de\/wordpress\/2024\/01\/09\/alles-gute-im-neuen-jahr\/#article","isPartOf":{"@id":"http:\/\/66131ensheim.de\/wordpress\/2024\/01\/09\/alles-gute-im-neuen-jahr\/"},"author":{"name":"Stefan Vogelgesang","@id":"http:\/\/66131ensheim.de\/wordpress\/#\/schema\/person\/210ee9c63c5e30f18453372823a88de8"},"headline":"Alles Gute im neuen Jahr","datePublished":"2024-01-09T14:11:42+00:00","dateModified":"2024-01-09T14:11:44+00:00","mainEntityOfPage":{"@id":"http:\/\/66131ensheim.de\/wordpress\/2024\/01\/09\/alles-gute-im-neuen-jahr\/"},"wordCount":68,"commentCount":0,"publisher":{"@id":"http:\/\/66131ensheim.de\/wordpress\/#organization"},"image":{"@id":"http:\/\/66131ensheim.de\/wordpress\/2024\/01\/09\/alles-gute-im-neuen-jahr\/#primaryimage"},"thumbnailUrl":"http:\/\/66131ensheim.de\/wordpress\/wp-content\/uploads\/2024\/01\/2024.jpg","inLanguage":"de","potentialAction":[{"@type":"CommentAction","name":"Comment","target":["http:\/\/66131ensheim.de\/wordpress\/2024\/01\/09\/alles-gute-im-neuen-jahr\/#respond"]}]},{"@type":"WebPage","@id":"http:\/\/66131ensheim.de\/wordpress\/2024\/01\/09\/alles-gute-im-neuen-jahr\/","url":"http:\/\/66131ensheim.de\/wordpress\/2024\/01\/09\/alles-gute-im-neuen-jahr\/","name":"Alles Gute im neuen Jahr - Gewerbeverein Ensheim","isPartOf":{"@id":"http:\/\/66131ensheim.de\/wordpress\/#website"},"primaryImageOfPage":{"@id":"http:\/\/66131ensheim.de\/wordpress\/2024\/01\/09\/alles-gute-im-neuen-jahr\/#primaryimage"},"image":{"@id":"http:\/\/66131ensheim.de\/wordpress\/2024\/01\/09\/alles-gute-im-neuen-jahr\/#primaryimage"},"thumbnailUrl":"http:\/\/66131ensheim.de\/wordpress\/wp-content\/uploads\/2024\/01\/2024.jpg","datePublished":"2024-01-09T14:11:42+00:00","dateModified":"2024-01-09T14:11:44+00:00","breadcrumb":{"@id":"http:\/\/66131ensheim.de\/wordpress\/2024\/01\/09\/alles-gute-im-neuen-jahr\/#breadcrumb"},"inLanguage":"de","potentialAction":[{"@type":"ReadAction","target":["http:\/\/66131ensheim.de\/wordpress\/2024\/01\/09\/alles-gute-im-neuen-jahr\/"]}]},{"@type":"ImageObject","inLanguage":"de","@id":"http:\/\/66131ensheim.de\/wordpress\/2024\/01\/09\/alles-gute-im-neuen-jahr\/#primaryimage","url":"http:\/\/66131ensheim.de\/wordpress\/wp-content\/uploads\/2024\/01\/2024.jpg","contentUrl":"http:\/\/66131ensheim.de\/wordpress\/wp-content\/uploads\/2024\/01\/2024.jpg","width":853,"height":853},{"@type":"BreadcrumbList","@id":"http:\/\/66131ensheim.de\/wordpress\/2024\/01\/09\/alles-gute-im-neuen-jahr\/#breadcrumb","itemListElement":[{"@type":"ListItem","position":1,"name":"Startseite","item":"http:\/\/66131ensheim.de\/wordpress\/"},{"@type":"ListItem","position":2,"name":"Alles Gute im neuen Jahr"}]},{"@type":"WebSite","@id":"http:\/\/66131ensheim.de\/wordpress\/#website","url":"http:\/\/66131ensheim.de\/wordpress\/","name":"Gewerbeverein Ensheim","description":"","publisher":{"@id":"http:\/\/66131ensheim.de\/wordpress\/#organization"},"potentialAction":[{"@type":"SearchAction","target":{"@type":"EntryPoint","urlTemplate":"http:\/\/66131ensheim.de\/wordpress\/?s={search_term_string}"},"query-input":{"@type":"PropertyValueSpecification","valueRequired":true,"valueName":"search_term_string"}}],"inLanguage":"de"},{"@type":"Organization","@id":"http:\/\/66131ensheim.de\/wordpress\/#organization","name":"Gewerbeverein Ensheim e.V.","url":"http:\/\/66131ensheim.de\/wordpress\/","logo":{"@type":"ImageObject","inLanguage":"de","@id":"http:\/\/66131ensheim.de\/wordpress\/#\/schema\/logo\/image\/","url":"https:\/\/66131ensheim.de\/wordpress\/wp-content\/uploads\/2018\/07\/Aufkleber.jpg","contentUrl":"https:\/\/66131ensheim.de\/wordpress\/wp-content\/uploads\/2018\/07\/Aufkleber.jpg","width":1667,"height":1667,"caption":"Gewerbeverein Ensheim e.V."},"image":{"@id":"http:\/\/66131ensheim.de\/wordpress\/#\/schema\/logo\/image\/"},"sameAs":["https:\/\/www.facebook.com\/EnsheimSaar\/","https:\/\/www.instagram.com\/gewerbeverein.ensheim\/"]},{"@type":"Person","@id":"http:\/\/66131ensheim.de\/wordpress\/#\/schema\/person\/210ee9c63c5e30f18453372823a88de8","name":"Stefan Vogelgesang","image":{"@type":"ImageObject","inLanguage":"de","@id":"https:\/\/secure.gravatar.com\/avatar\/5633e4c0de8771818b0e2f3c72ef14f79d7bfd1aa794c0c5b5c7e17fe9ee3caa?s=96&d=mm&r=g","url":"https:\/\/secure.gravatar.com\/avatar\/5633e4c0de8771818b0e2f3c72ef14f79d7bfd1aa794c0c5b5c7e17fe9ee3caa?s=96&d=mm&r=g","contentUrl":"https:\/\/secure.gravatar.com\/avatar\/5633e4c0de8771818b0e2f3c72ef14f79d7bfd1aa794c0c5b5c7e17fe9ee3caa?s=96&d=mm&r=g","caption":"Stefan Vogelgesang"}}]}},"_links":{"self":[{"href":"http:\/\/66131ensheim.de\/wordpress\/wp-json\/wp\/v2\/posts\/3923","targetHints":{"allow":["GET"]}}],"collection":[{"href":"http:\/\/66131ensheim.de\/wordpress\/wp-json\/wp\/v2\/posts"}],"about":[{"href":"http:\/\/66131ensheim.de\/wordpress\/wp-json\/wp\/v2\/types\/post"}],"author":[{"embeddable":true,"href":"http:\/\/66131ensheim.de\/wordpress\/wp-json\/wp\/v2\/users\/1"}],"replies":[{"embeddable":true,"href":"http:\/\/66131ensheim.de\/wordpress\/wp-json\/wp\/v2\/comments?post=3923"}],"version-history":[{"count":1,"href":"http:\/\/66131ensheim.de\/wordpress\/wp-json\/wp\/v2\/posts\/3923\/revisions"}],"predecessor-version":[{"id":3925,"href":"http:\/\/66131ensheim.de\/wordpress\/wp-json\/wp\/v2\/posts\/3923\/revisions\/3925"}],"wp:featuredmedia":[{"embeddable":true,"href":"http:\/\/66131ensheim.de\/wordpress\/wp-json\/wp\/v2\/media\/3924"}],"wp:attachment":[{"href":"http:\/\/66131ensheim.de\/wordpress\/wp-json\/wp\/v2\/media?parent=3923"}],"wp:term":[{"taxonomy":"category","embeddable":true,"href":"http:\/\/66131ensheim.de\/wordpress\/wp-json\/wp\/v2\/categories?post=3923"},{"taxonomy":"post_tag","embeddable":true,"href":"http:\/\/66131ensheim.de\/wordpress\/wp-json\/wp\/v2\/tags?post=3923"}],"curies":[{"name":"wp","href":"https:\/\/api.w.org\/{rel}","templated":true}]}}