{"id":3936,"date":"2024-03-20T21:38:13","date_gmt":"2024-03-20T20:38:13","guid":{"rendered":"https:\/\/66131ensheim.de\/wordpress\/?p=3936"},"modified":"2024-03-20T21:39:24","modified_gmt":"2024-03-20T20:39:24","slug":"vorstandsitzung-vom-20-3-2024","status":"publish","type":"post","link":"http:\/\/66131ensheim.de\/wordpress\/2024\/03\/20\/vorstandsitzung-vom-20-3-2024\/","title":{"rendered":"Vorstandsitzung vom 20.3.2024"},"content":{"rendered":"\n<p>Am Mittwoch, den 20. M\u00e4rz 2024 traf sich der erweiterte Vorstand, um die Richtung f\u00fcr die kommende Zeit festzulegen.<\/p>\n\n\n\n<p>Da im Mai Neuwahlen sind wird eine Verj\u00fcngung des Vorstandes angestrebt, um frisches Blut und neue Ideen einzubringen.<\/p>\n\n\n\n<p>Trotz schwieriger Zeiten durch Corona und der sinkenden Zahl Ensheimer Gesch\u00e4fte m\u00f6chte man nicht kampflos aufgeben, sondern eine neuen Anlauf nehmen, das Ensheimer Gewerbe besser nach au\u00dfen darzustellen.<\/p>\n","protected":false},"excerpt":{"rendered":"<p>Am Mittwoch, den 20. M\u00e4rz 2024 traf sich der erweiterte Vorstand, um die Richtung f\u00fcr die kommende Zeit festzulegen. Da im Mai Neuwahlen sind wird eine Verj\u00fcngung des Vorstandes angestrebt, um frisches Blut und neue Ideen einzubringen. Trotz schwieriger Zeiten durch Corona und der sinkenden Zahl Ensheimer Gesch\u00e4fte m\u00f6chte man nicht kampflos aufgeben, sondern eine neuen Anlauf nehmen, das Ensheimer Gewerbe besser nach au\u00dfen darzustellen.<\/p>\n","protected":false},"author":1,"featured_media":3937,"comment_status":"open","ping_status":"open","sticky":false,"template":"","format":"standard","meta":{"ngg_post_thumbnail":0,"generate_page_header":"","footnotes":""},"categories":[1],"tags":[],"class_list":["post-3936","post","type-post","status-publish","format-standard","has-post-thumbnail","hentry","category-allgemein","resize-featured-image"],"yoast_head":"<!-- This site is optimized with the Yoast SEO plugin v27.5 - https:\/\/yoast.com\/product\/yoast-seo-wordpress\/ -->\n<title>Vorstandsitzung vom 20.3.2024 - Gewerbeverein Ensheim<\/title>\n<meta name=\"robots\" content=\"index, follow, max-snippet:-1, max-image-preview:large, max-video-preview:-1\" \/>\n<link rel=\"canonical\" href=\"http:\/\/66131ensheim.de\/wordpress\/2024\/03\/20\/vorstandsitzung-vom-20-3-2024\/\" \/>\n<meta property=\"og:locale\" content=\"de_DE\" \/>\n<meta property=\"og:type\" content=\"article\" \/>\n<meta property=\"og:title\" content=\"Vorstandsitzung vom 20.3.2024 - Gewerbeverein Ensheim\" \/>\n<meta property=\"og:description\" content=\"Am Mittwoch, den 20. M\u00e4rz 2024 traf sich der erweiterte Vorstand, um die Richtung f\u00fcr die kommende Zeit festzulegen. Da im Mai Neuwahlen sind wird eine Verj\u00fcngung des Vorstandes angestrebt, um frisches Blut und neue Ideen einzubringen. Trotz schwieriger Zeiten durch Corona und der sinkenden Zahl Ensheimer Gesch\u00e4fte m\u00f6chte man nicht kampflos aufgeben, sondern eine neuen Anlauf nehmen, das Ensheimer Gewerbe besser nach au\u00dfen darzustellen.\" \/>\n<meta property=\"og:url\" content=\"http:\/\/66131ensheim.de\/wordpress\/2024\/03\/20\/vorstandsitzung-vom-20-3-2024\/\" \/>\n<meta property=\"og:site_name\" content=\"Gewerbeverein Ensheim\" \/>\n<meta property=\"article:publisher\" content=\"https:\/\/www.facebook.com\/EnsheimSaar\/\" \/>\n<meta property=\"article:published_time\" content=\"2024-03-20T20:38:13+00:00\" \/>\n<meta property=\"article:modified_time\" content=\"2024-03-20T20:39:24+00:00\" \/>\n<meta property=\"og:image\" content=\"http:\/\/66131ensheim.de\/wordpress\/wp-content\/uploads\/2024\/03\/team-2418335_1280.jpg\" \/>\n\t<meta property=\"og:image:width\" content=\"1280\" \/>\n\t<meta property=\"og:image:height\" content=\"1280\" \/>\n\t<meta property=\"og:image:type\" content=\"image\/jpeg\" \/>\n<meta name=\"author\" content=\"Stefan Vogelgesang\" \/>\n<meta name=\"twitter:card\" content=\"summary_large_image\" \/>\n<meta name=\"twitter:label1\" content=\"Verfasst von\" \/>\n\t<meta name=\"twitter:data1\" content=\"Stefan Vogelgesang\" \/>\n\t<meta name=\"twitter:label2\" content=\"Gesch\u00e4tzte Lesezeit\" \/>\n\t<meta name=\"twitter:data2\" content=\"1\u00a0Minute\" \/>\n<script type=\"application\/ld+json\" class=\"yoast-schema-graph\">{\"@context\":\"https:\\\/\\\/schema.org\",\"@graph\":[{\"@type\":\"Article\",\"@id\":\"http:\\\/\\\/66131ensheim.de\\\/wordpress\\\/2024\\\/03\\\/20\\\/vorstandsitzung-vom-20-3-2024\\\/#article\",\"isPartOf\":{\"@id\":\"http:\\\/\\\/66131ensheim.de\\\/wordpress\\\/2024\\\/03\\\/20\\\/vorstandsitzung-vom-20-3-2024\\\/\"},\"author\":{\"name\":\"Stefan Vogelgesang\",\"@id\":\"http:\\\/\\\/66131ensheim.de\\\/wordpress\\\/#\\\/schema\\\/person\\\/210ee9c63c5e30f18453372823a88de8\"},\"headline\":\"Vorstandsitzung vom 20.3.2024\",\"datePublished\":\"2024-03-20T20:38:13+00:00\",\"dateModified\":\"2024-03-20T20:39:24+00:00\",\"mainEntityOfPage\":{\"@id\":\"http:\\\/\\\/66131ensheim.de\\\/wordpress\\\/2024\\\/03\\\/20\\\/vorstandsitzung-vom-20-3-2024\\\/\"},\"wordCount\":71,\"commentCount\":0,\"publisher\":{\"@id\":\"http:\\\/\\\/66131ensheim.de\\\/wordpress\\\/#organization\"},\"image\":{\"@id\":\"http:\\\/\\\/66131ensheim.de\\\/wordpress\\\/2024\\\/03\\\/20\\\/vorstandsitzung-vom-20-3-2024\\\/#primaryimage\"},\"thumbnailUrl\":\"http:\\\/\\\/66131ensheim.de\\\/wordpress\\\/wp-content\\\/uploads\\\/2024\\\/03\\\/team-2418335_1280.jpg\",\"inLanguage\":\"de\",\"potentialAction\":[{\"@type\":\"CommentAction\",\"name\":\"Comment\",\"target\":[\"http:\\\/\\\/66131ensheim.de\\\/wordpress\\\/2024\\\/03\\\/20\\\/vorstandsitzung-vom-20-3-2024\\\/#respond\"]}]},{\"@type\":\"WebPage\",\"@id\":\"http:\\\/\\\/66131ensheim.de\\\/wordpress\\\/2024\\\/03\\\/20\\\/vorstandsitzung-vom-20-3-2024\\\/\",\"url\":\"http:\\\/\\\/66131ensheim.de\\\/wordpress\\\/2024\\\/03\\\/20\\\/vorstandsitzung-vom-20-3-2024\\\/\",\"name\":\"Vorstandsitzung vom 20.3.2024 - Gewerbeverein Ensheim\",\"isPartOf\":{\"@id\":\"http:\\\/\\\/66131ensheim.de\\\/wordpress\\\/#website\"},\"primaryImageOfPage\":{\"@id\":\"http:\\\/\\\/66131ensheim.de\\\/wordpress\\\/2024\\\/03\\\/20\\\/vorstandsitzung-vom-20-3-2024\\\/#primaryimage\"},\"image\":{\"@id\":\"http:\\\/\\\/66131ensheim.de\\\/wordpress\\\/2024\\\/03\\\/20\\\/vorstandsitzung-vom-20-3-2024\\\/#primaryimage\"},\"thumbnailUrl\":\"http:\\\/\\\/66131ensheim.de\\\/wordpress\\\/wp-content\\\/uploads\\\/2024\\\/03\\\/team-2418335_1280.jpg\",\"datePublished\":\"2024-03-20T20:38:13+00:00\",\"dateModified\":\"2024-03-20T20:39:24+00:00\",\"breadcrumb\":{\"@id\":\"http:\\\/\\\/66131ensheim.de\\\/wordpress\\\/2024\\\/03\\\/20\\\/vorstandsitzung-vom-20-3-2024\\\/#breadcrumb\"},\"inLanguage\":\"de\",\"potentialAction\":[{\"@type\":\"ReadAction\",\"target\":[\"http:\\\/\\\/66131ensheim.de\\\/wordpress\\\/2024\\\/03\\\/20\\\/vorstandsitzung-vom-20-3-2024\\\/\"]}]},{\"@type\":\"ImageObject\",\"inLanguage\":\"de\",\"@id\":\"http:\\\/\\\/66131ensheim.de\\\/wordpress\\\/2024\\\/03\\\/20\\\/vorstandsitzung-vom-20-3-2024\\\/#primaryimage\",\"url\":\"http:\\\/\\\/66131ensheim.de\\\/wordpress\\\/wp-content\\\/uploads\\\/2024\\\/03\\\/team-2418335_1280.jpg\",\"contentUrl\":\"http:\\\/\\\/66131ensheim.de\\\/wordpress\\\/wp-content\\\/uploads\\\/2024\\\/03\\\/team-2418335_1280.jpg\",\"width\":1280,\"height\":1280},{\"@type\":\"BreadcrumbList\",\"@id\":\"http:\\\/\\\/66131ensheim.de\\\/wordpress\\\/2024\\\/03\\\/20\\\/vorstandsitzung-vom-20-3-2024\\\/#breadcrumb\",\"itemListElement\":[{\"@type\":\"ListItem\",\"position\":1,\"name\":\"Startseite\",\"item\":\"http:\\\/\\\/66131ensheim.de\\\/wordpress\\\/\"},{\"@type\":\"ListItem\",\"position\":2,\"name\":\"Vorstandsitzung vom 20.3.2024\"}]},{\"@type\":\"WebSite\",\"@id\":\"http:\\\/\\\/66131ensheim.de\\\/wordpress\\\/#website\",\"url\":\"http:\\\/\\\/66131ensheim.de\\\/wordpress\\\/\",\"name\":\"Gewerbeverein Ensheim\",\"description\":\"\",\"publisher\":{\"@id\":\"http:\\\/\\\/66131ensheim.de\\\/wordpress\\\/#organization\"},\"potentialAction\":[{\"@type\":\"SearchAction\",\"target\":{\"@type\":\"EntryPoint\",\"urlTemplate\":\"http:\\\/\\\/66131ensheim.de\\\/wordpress\\\/?s={search_term_string}\"},\"query-input\":{\"@type\":\"PropertyValueSpecification\",\"valueRequired\":true,\"valueName\":\"search_term_string\"}}],\"inLanguage\":\"de\"},{\"@type\":\"Organization\",\"@id\":\"http:\\\/\\\/66131ensheim.de\\\/wordpress\\\/#organization\",\"name\":\"Gewerbeverein Ensheim e.V.\",\"url\":\"http:\\\/\\\/66131ensheim.de\\\/wordpress\\\/\",\"logo\":{\"@type\":\"ImageObject\",\"inLanguage\":\"de\",\"@id\":\"http:\\\/\\\/66131ensheim.de\\\/wordpress\\\/#\\\/schema\\\/logo\\\/image\\\/\",\"url\":\"https:\\\/\\\/66131ensheim.de\\\/wordpress\\\/wp-content\\\/uploads\\\/2018\\\/07\\\/Aufkleber.jpg\",\"contentUrl\":\"https:\\\/\\\/66131ensheim.de\\\/wordpress\\\/wp-content\\\/uploads\\\/2018\\\/07\\\/Aufkleber.jpg\",\"width\":1667,\"height\":1667,\"caption\":\"Gewerbeverein Ensheim e.V.\"},\"image\":{\"@id\":\"http:\\\/\\\/66131ensheim.de\\\/wordpress\\\/#\\\/schema\\\/logo\\\/image\\\/\"},\"sameAs\":[\"https:\\\/\\\/www.facebook.com\\\/EnsheimSaar\\\/\",\"https:\\\/\\\/www.instagram.com\\\/gewerbeverein.ensheim\\\/\"]},{\"@type\":\"Person\",\"@id\":\"http:\\\/\\\/66131ensheim.de\\\/wordpress\\\/#\\\/schema\\\/person\\\/210ee9c63c5e30f18453372823a88de8\",\"name\":\"Stefan Vogelgesang\",\"image\":{\"@type\":\"ImageObject\",\"inLanguage\":\"de\",\"@id\":\"https:\\\/\\\/secure.gravatar.com\\\/avatar\\\/5633e4c0de8771818b0e2f3c72ef14f79d7bfd1aa794c0c5b5c7e17fe9ee3caa?s=96&d=mm&r=g\",\"url\":\"https:\\\/\\\/secure.gravatar.com\\\/avatar\\\/5633e4c0de8771818b0e2f3c72ef14f79d7bfd1aa794c0c5b5c7e17fe9ee3caa?s=96&d=mm&r=g\",\"contentUrl\":\"https:\\\/\\\/secure.gravatar.com\\\/avatar\\\/5633e4c0de8771818b0e2f3c72ef14f79d7bfd1aa794c0c5b5c7e17fe9ee3caa?s=96&d=mm&r=g\",\"caption\":\"Stefan Vogelgesang\"}}]}<\/script>\n<!-- \/ Yoast SEO plugin. -->","yoast_head_json":{"title":"Vorstandsitzung vom 20.3.2024 - Gewerbeverein Ensheim","robots":{"index":"index","follow":"follow","max-snippet":"max-snippet:-1","max-image-preview":"max-image-preview:large","max-video-preview":"max-video-preview:-1"},"canonical":"http:\/\/66131ensheim.de\/wordpress\/2024\/03\/20\/vorstandsitzung-vom-20-3-2024\/","og_locale":"de_DE","og_type":"article","og_title":"Vorstandsitzung vom 20.3.2024 - Gewerbeverein Ensheim","og_description":"Am Mittwoch, den 20. M\u00e4rz 2024 traf sich der erweiterte Vorstand, um die Richtung f\u00fcr die kommende Zeit festzulegen. Da im Mai Neuwahlen sind wird eine Verj\u00fcngung des Vorstandes angestrebt, um frisches Blut und neue Ideen einzubringen. Trotz schwieriger Zeiten durch Corona und der sinkenden Zahl Ensheimer Gesch\u00e4fte m\u00f6chte man nicht kampflos aufgeben, sondern eine neuen Anlauf nehmen, das Ensheimer Gewerbe besser nach au\u00dfen darzustellen.","og_url":"http:\/\/66131ensheim.de\/wordpress\/2024\/03\/20\/vorstandsitzung-vom-20-3-2024\/","og_site_name":"Gewerbeverein Ensheim","article_publisher":"https:\/\/www.facebook.com\/EnsheimSaar\/","article_published_time":"2024-03-20T20:38:13+00:00","article_modified_time":"2024-03-20T20:39:24+00:00","og_image":[{"width":1280,"height":1280,"url":"http:\/\/66131ensheim.de\/wordpress\/wp-content\/uploads\/2024\/03\/team-2418335_1280.jpg","type":"image\/jpeg"}],"author":"Stefan Vogelgesang","twitter_card":"summary_large_image","twitter_misc":{"Verfasst von":"Stefan Vogelgesang","Gesch\u00e4tzte Lesezeit":"1\u00a0Minute"},"schema":{"@context":"https:\/\/schema.org","@graph":[{"@type":"Article","@id":"http:\/\/66131ensheim.de\/wordpress\/2024\/03\/20\/vorstandsitzung-vom-20-3-2024\/#article","isPartOf":{"@id":"http:\/\/66131ensheim.de\/wordpress\/2024\/03\/20\/vorstandsitzung-vom-20-3-2024\/"},"author":{"name":"Stefan Vogelgesang","@id":"http:\/\/66131ensheim.de\/wordpress\/#\/schema\/person\/210ee9c63c5e30f18453372823a88de8"},"headline":"Vorstandsitzung vom 20.3.2024","datePublished":"2024-03-20T20:38:13+00:00","dateModified":"2024-03-20T20:39:24+00:00","mainEntityOfPage":{"@id":"http:\/\/66131ensheim.de\/wordpress\/2024\/03\/20\/vorstandsitzung-vom-20-3-2024\/"},"wordCount":71,"commentCount":0,"publisher":{"@id":"http:\/\/66131ensheim.de\/wordpress\/#organization"},"image":{"@id":"http:\/\/66131ensheim.de\/wordpress\/2024\/03\/20\/vorstandsitzung-vom-20-3-2024\/#primaryimage"},"thumbnailUrl":"http:\/\/66131ensheim.de\/wordpress\/wp-content\/uploads\/2024\/03\/team-2418335_1280.jpg","inLanguage":"de","potentialAction":[{"@type":"CommentAction","name":"Comment","target":["http:\/\/66131ensheim.de\/wordpress\/2024\/03\/20\/vorstandsitzung-vom-20-3-2024\/#respond"]}]},{"@type":"WebPage","@id":"http:\/\/66131ensheim.de\/wordpress\/2024\/03\/20\/vorstandsitzung-vom-20-3-2024\/","url":"http:\/\/66131ensheim.de\/wordpress\/2024\/03\/20\/vorstandsitzung-vom-20-3-2024\/","name":"Vorstandsitzung vom 20.3.2024 - Gewerbeverein Ensheim","isPartOf":{"@id":"http:\/\/66131ensheim.de\/wordpress\/#website"},"primaryImageOfPage":{"@id":"http:\/\/66131ensheim.de\/wordpress\/2024\/03\/20\/vorstandsitzung-vom-20-3-2024\/#primaryimage"},"image":{"@id":"http:\/\/66131ensheim.de\/wordpress\/2024\/03\/20\/vorstandsitzung-vom-20-3-2024\/#primaryimage"},"thumbnailUrl":"http:\/\/66131ensheim.de\/wordpress\/wp-content\/uploads\/2024\/03\/team-2418335_1280.jpg","datePublished":"2024-03-20T20:38:13+00:00","dateModified":"2024-03-20T20:39:24+00:00","breadcrumb":{"@id":"http:\/\/66131ensheim.de\/wordpress\/2024\/03\/20\/vorstandsitzung-vom-20-3-2024\/#breadcrumb"},"inLanguage":"de","potentialAction":[{"@type":"ReadAction","target":["http:\/\/66131ensheim.de\/wordpress\/2024\/03\/20\/vorstandsitzung-vom-20-3-2024\/"]}]},{"@type":"ImageObject","inLanguage":"de","@id":"http:\/\/66131ensheim.de\/wordpress\/2024\/03\/20\/vorstandsitzung-vom-20-3-2024\/#primaryimage","url":"http:\/\/66131ensheim.de\/wordpress\/wp-content\/uploads\/2024\/03\/team-2418335_1280.jpg","contentUrl":"http:\/\/66131ensheim.de\/wordpress\/wp-content\/uploads\/2024\/03\/team-2418335_1280.jpg","width":1280,"height":1280},{"@type":"BreadcrumbList","@id":"http:\/\/66131ensheim.de\/wordpress\/2024\/03\/20\/vorstandsitzung-vom-20-3-2024\/#breadcrumb","itemListElement":[{"@type":"ListItem","position":1,"name":"Startseite","item":"http:\/\/66131ensheim.de\/wordpress\/"},{"@type":"ListItem","position":2,"name":"Vorstandsitzung vom 20.3.2024"}]},{"@type":"WebSite","@id":"http:\/\/66131ensheim.de\/wordpress\/#website","url":"http:\/\/66131ensheim.de\/wordpress\/","name":"Gewerbeverein Ensheim","description":"","publisher":{"@id":"http:\/\/66131ensheim.de\/wordpress\/#organization"},"potentialAction":[{"@type":"SearchAction","target":{"@type":"EntryPoint","urlTemplate":"http:\/\/66131ensheim.de\/wordpress\/?s={search_term_string}"},"query-input":{"@type":"PropertyValueSpecification","valueRequired":true,"valueName":"search_term_string"}}],"inLanguage":"de"},{"@type":"Organization","@id":"http:\/\/66131ensheim.de\/wordpress\/#organization","name":"Gewerbeverein Ensheim e.V.","url":"http:\/\/66131ensheim.de\/wordpress\/","logo":{"@type":"ImageObject","inLanguage":"de","@id":"http:\/\/66131ensheim.de\/wordpress\/#\/schema\/logo\/image\/","url":"https:\/\/66131ensheim.de\/wordpress\/wp-content\/uploads\/2018\/07\/Aufkleber.jpg","contentUrl":"https:\/\/66131ensheim.de\/wordpress\/wp-content\/uploads\/2018\/07\/Aufkleber.jpg","width":1667,"height":1667,"caption":"Gewerbeverein Ensheim e.V."},"image":{"@id":"http:\/\/66131ensheim.de\/wordpress\/#\/schema\/logo\/image\/"},"sameAs":["https:\/\/www.facebook.com\/EnsheimSaar\/","https:\/\/www.instagram.com\/gewerbeverein.ensheim\/"]},{"@type":"Person","@id":"http:\/\/66131ensheim.de\/wordpress\/#\/schema\/person\/210ee9c63c5e30f18453372823a88de8","name":"Stefan Vogelgesang","image":{"@type":"ImageObject","inLanguage":"de","@id":"https:\/\/secure.gravatar.com\/avatar\/5633e4c0de8771818b0e2f3c72ef14f79d7bfd1aa794c0c5b5c7e17fe9ee3caa?s=96&d=mm&r=g","url":"https:\/\/secure.gravatar.com\/avatar\/5633e4c0de8771818b0e2f3c72ef14f79d7bfd1aa794c0c5b5c7e17fe9ee3caa?s=96&d=mm&r=g","contentUrl":"https:\/\/secure.gravatar.com\/avatar\/5633e4c0de8771818b0e2f3c72ef14f79d7bfd1aa794c0c5b5c7e17fe9ee3caa?s=96&d=mm&r=g","caption":"Stefan Vogelgesang"}}]}},"_links":{"self":[{"href":"http:\/\/66131ensheim.de\/wordpress\/wp-json\/wp\/v2\/posts\/3936","targetHints":{"allow":["GET"]}}],"collection":[{"href":"http:\/\/66131ensheim.de\/wordpress\/wp-json\/wp\/v2\/posts"}],"about":[{"href":"http:\/\/66131ensheim.de\/wordpress\/wp-json\/wp\/v2\/types\/post"}],"author":[{"embeddable":true,"href":"http:\/\/66131ensheim.de\/wordpress\/wp-json\/wp\/v2\/users\/1"}],"replies":[{"embeddable":true,"href":"http:\/\/66131ensheim.de\/wordpress\/wp-json\/wp\/v2\/comments?post=3936"}],"version-history":[{"count":2,"href":"http:\/\/66131ensheim.de\/wordpress\/wp-json\/wp\/v2\/posts\/3936\/revisions"}],"predecessor-version":[{"id":3939,"href":"http:\/\/66131ensheim.de\/wordpress\/wp-json\/wp\/v2\/posts\/3936\/revisions\/3939"}],"wp:featuredmedia":[{"embeddable":true,"href":"http:\/\/66131ensheim.de\/wordpress\/wp-json\/wp\/v2\/media\/3937"}],"wp:attachment":[{"href":"http:\/\/66131ensheim.de\/wordpress\/wp-json\/wp\/v2\/media?parent=3936"}],"wp:term":[{"taxonomy":"category","embeddable":true,"href":"http:\/\/66131ensheim.de\/wordpress\/wp-json\/wp\/v2\/categories?post=3936"},{"taxonomy":"post_tag","embeddable":true,"href":"http:\/\/66131ensheim.de\/wordpress\/wp-json\/wp\/v2\/tags?post=3936"}],"curies":[{"name":"wp","href":"https:\/\/api.w.org\/{rel}","templated":true}]}}