{"id":3941,"date":"2024-04-23T08:55:08","date_gmt":"2024-04-23T06:55:08","guid":{"rendered":"https:\/\/66131ensheim.de\/wordpress\/?p=3941"},"modified":"2024-04-23T23:39:45","modified_gmt":"2024-04-23T21:39:45","slug":"einladung-zur-generalversammlung-2024-mit-neuwahlen-des-vorstandes","status":"publish","type":"post","link":"http:\/\/66131ensheim.de\/wordpress\/2024\/04\/23\/einladung-zur-generalversammlung-2024-mit-neuwahlen-des-vorstandes\/","title":{"rendered":"Einladung zur Generalversammlung 2024 mit Neuwahlen des Vorstandes"},"content":{"rendered":"\n<p>am <strong>Donnerstag, 16. Mai 2024, um 18:30 Uhr<\/strong><\/p>\n\n\n\n<p>im Saal des Gasthauses 5-Jahreszeiten, Fabrikstr. 19 in 66131 Ensheim.<\/p>\n\n\n\n<p><strong>Liebe Mitgliederinnen und Mitglieder,<\/strong><\/p>\n\n\n\n<p>hiermit laden wir euch zur Generalversammlung mit Neuwahlen des Vorstandes unseres Gewerbevereins Ensheim e.V., ordnungsgem\u00e4\u00df ein.<\/p>\n\n\n\n<p><strong>Tagesordnung:<\/strong><\/p>\n\n\n\n<p>1. Begr\u00fc\u00dfung<\/p>\n\n\n\n<p>2. Feststellung der Beschlussf\u00e4higkeit<\/p>\n\n\n\n<p>3. Bericht des 1. Vorsitzenden<\/p>\n\n\n\n<p>4. Bericht des Kassierers<\/p>\n\n\n\n<p>5. Bericht der Kassenpr\u00fcfer<\/p>\n\n\n\n<p>6. Fragen und Aussprache zu den Berichten<\/p>\n\n\n\n<p>7. Antrag auf Entlastung des Vorstandes<\/p>\n\n\n\n<p>8. Wahlen des: Wahlleiter\/in<\/p>\n\n\n\n<ul class=\"wp-block-list\">\n<li>1. Vorsitzende\/-r<\/li>\n\n\n\n<li>2. Vorsitzende\/-r<\/li>\n\n\n\n<li>Schriftf\u00fchrer\/-in<\/li>\n\n\n\n<li>Kassierer\/in<\/li>\n\n\n\n<li>von 3 Beisitzer\/-innen<\/li>\n<\/ul>\n\n\n\n<p>9. Wahl der beiden Kassenpr\u00fcfer f\u00fcr 2024-2025<\/p>\n\n\n\n<p>10. Antr\u00e4ge<\/p>\n\n\n\n<p>11. Verschiedenes<\/p>\n\n\n\n<p>12. Infos \u00fcber geplante Aktivit\u00e4ten<\/p>\n\n\n\n<p>Um die k\u00fcnftige Ausrichtung des Vereins und Aktivit\u00e4ten mitzugestalten und zu begleiten, bitten wir euch alle, um Teilnahme. Da sich der 1. &amp; 2. Vorsitzende nicht mehr zur Wahl stellen, sollten wir eine Verj\u00fcngung des Vorstandes anstreben, auch um frisches Blut und neue Ideen einzubringen.<\/p>\n\n\n\n<p>Trotz schwieriger Zeiten durch Corona und der sinkenden Zahl Ensheimer Gesch\u00e4fte sollten wir nicht kampflos aufgeben, sondern eine neuen Anlauf nehmen, das Ensheimer Gewerbe besser nach au\u00dfen darzustellen.<\/p>\n\n\n\n<p>Solltet Ihr noch Antr\u00e4ge oder W\u00fcnsche zur Versammlung haben, m\u00f6chten wir euch bitten, diese bis sp\u00e4testens 9. Mai 2024, einzureichen. Entweder an: gewerbeverein(at)66131ensheim.de oder Gewerbeverein Ensheim e.V. Bischmisheimerstr. 34 &#8211; 66131 Ensheim<\/p>\n\n\n\n<p>Bis dahin gute Gesch\u00e4fte &amp; viele Gr\u00fc\u00dfe<\/p>\n\n\n\n<p><strong>Euer Vorstand<\/strong><\/p>\n","protected":false},"excerpt":{"rendered":"<p>am Donnerstag, 16. Mai 2024, um 18:30 Uhr im Saal des Gasthauses 5-Jahreszeiten, Fabrikstr. 19 in 66131 Ensheim. Liebe Mitgliederinnen und Mitglieder, hiermit laden wir euch zur Generalversammlung mit Neuwahlen des Vorstandes unseres Gewerbevereins Ensheim e.V., ordnungsgem\u00e4\u00df ein. Tagesordnung: 1. Begr\u00fc\u00dfung 2. Feststellung der Beschlussf\u00e4higkeit 3. Bericht des 1. Vorsitzenden 4. Bericht des Kassierers 5. Bericht der Kassenpr\u00fcfer 6. Fragen und Aussprache zu den Berichten 7. Antrag auf Entlastung des Vorstandes 8. Wahlen des: Wahlleiter\/in 9. Wahl der beiden Kassenpr\u00fcfer &#8230; <a title=\"Einladung zur Generalversammlung 2024 mit Neuwahlen des Vorstandes\" class=\"read-more\" href=\"http:\/\/66131ensheim.de\/wordpress\/2024\/04\/23\/einladung-zur-generalversammlung-2024-mit-neuwahlen-des-vorstandes\/\" aria-label=\"Mehr Informationen \u00fcber Einladung zur Generalversammlung 2024 mit Neuwahlen des Vorstandes\">Weiter<\/a><\/p>\n","protected":false},"author":1,"featured_media":3942,"comment_status":"open","ping_status":"open","sticky":false,"template":"","format":"standard","meta":{"ngg_post_thumbnail":0,"generate_page_header":"","footnotes":""},"categories":[1],"tags":[],"class_list":["post-3941","post","type-post","status-publish","format-standard","has-post-thumbnail","hentry","category-allgemein","resize-featured-image"],"yoast_head":"<!-- This site is optimized with the Yoast SEO plugin v27.5 - https:\/\/yoast.com\/product\/yoast-seo-wordpress\/ -->\n<title>Einladung zur Generalversammlung 2024 mit Neuwahlen des Vorstandes - Gewerbeverein Ensheim<\/title>\n<meta name=\"robots\" content=\"index, follow, max-snippet:-1, max-image-preview:large, max-video-preview:-1\" \/>\n<link rel=\"canonical\" href=\"http:\/\/66131ensheim.de\/wordpress\/2024\/04\/23\/einladung-zur-generalversammlung-2024-mit-neuwahlen-des-vorstandes\/\" \/>\n<meta property=\"og:locale\" content=\"de_DE\" \/>\n<meta property=\"og:type\" content=\"article\" \/>\n<meta property=\"og:title\" content=\"Einladung zur Generalversammlung 2024 mit Neuwahlen des Vorstandes - Gewerbeverein Ensheim\" \/>\n<meta property=\"og:description\" content=\"am Donnerstag, 16. Mai 2024, um 18:30 Uhr im Saal des Gasthauses 5-Jahreszeiten, Fabrikstr. 19 in 66131 Ensheim. Liebe Mitgliederinnen und Mitglieder, hiermit laden wir euch zur Generalversammlung mit Neuwahlen des Vorstandes unseres Gewerbevereins Ensheim e.V., ordnungsgem\u00e4\u00df ein. Tagesordnung: 1. Begr\u00fc\u00dfung 2. Feststellung der Beschlussf\u00e4higkeit 3. Bericht des 1. Vorsitzenden 4. Bericht des Kassierers 5. Bericht der Kassenpr\u00fcfer 6. Fragen und Aussprache zu den Berichten 7. Antrag auf Entlastung des Vorstandes 8. Wahlen des: Wahlleiter\/in 9. Wahl der beiden Kassenpr\u00fcfer ... Weiter\" \/>\n<meta property=\"og:url\" content=\"http:\/\/66131ensheim.de\/wordpress\/2024\/04\/23\/einladung-zur-generalversammlung-2024-mit-neuwahlen-des-vorstandes\/\" \/>\n<meta property=\"og:site_name\" content=\"Gewerbeverein Ensheim\" \/>\n<meta property=\"article:publisher\" content=\"https:\/\/www.facebook.com\/EnsheimSaar\/\" \/>\n<meta property=\"article:published_time\" content=\"2024-04-23T06:55:08+00:00\" \/>\n<meta property=\"article:modified_time\" content=\"2024-04-23T21:39:45+00:00\" \/>\n<meta property=\"og:image\" content=\"http:\/\/66131ensheim.de\/wordpress\/wp-content\/uploads\/2024\/04\/jhv2024.jpg\" \/>\n\t<meta property=\"og:image:width\" content=\"1336\" \/>\n\t<meta property=\"og:image:height\" content=\"1336\" \/>\n\t<meta property=\"og:image:type\" content=\"image\/jpeg\" \/>\n<meta name=\"author\" content=\"Stefan Vogelgesang\" \/>\n<meta name=\"twitter:card\" content=\"summary_large_image\" \/>\n<meta name=\"twitter:label1\" content=\"Verfasst von\" \/>\n\t<meta name=\"twitter:data1\" content=\"Stefan Vogelgesang\" \/>\n\t<meta name=\"twitter:label2\" content=\"Gesch\u00e4tzte Lesezeit\" \/>\n\t<meta name=\"twitter:data2\" content=\"2\u00a0Minuten\" \/>\n<script type=\"application\/ld+json\" class=\"yoast-schema-graph\">{\"@context\":\"https:\\\/\\\/schema.org\",\"@graph\":[{\"@type\":\"Article\",\"@id\":\"http:\\\/\\\/66131ensheim.de\\\/wordpress\\\/2024\\\/04\\\/23\\\/einladung-zur-generalversammlung-2024-mit-neuwahlen-des-vorstandes\\\/#article\",\"isPartOf\":{\"@id\":\"http:\\\/\\\/66131ensheim.de\\\/wordpress\\\/2024\\\/04\\\/23\\\/einladung-zur-generalversammlung-2024-mit-neuwahlen-des-vorstandes\\\/\"},\"author\":{\"name\":\"Stefan Vogelgesang\",\"@id\":\"http:\\\/\\\/66131ensheim.de\\\/wordpress\\\/#\\\/schema\\\/person\\\/210ee9c63c5e30f18453372823a88de8\"},\"headline\":\"Einladung zur Generalversammlung 2024 mit Neuwahlen des Vorstandes\",\"datePublished\":\"2024-04-23T06:55:08+00:00\",\"dateModified\":\"2024-04-23T21:39:45+00:00\",\"mainEntityOfPage\":{\"@id\":\"http:\\\/\\\/66131ensheim.de\\\/wordpress\\\/2024\\\/04\\\/23\\\/einladung-zur-generalversammlung-2024-mit-neuwahlen-des-vorstandes\\\/\"},\"wordCount\":224,\"commentCount\":0,\"publisher\":{\"@id\":\"http:\\\/\\\/66131ensheim.de\\\/wordpress\\\/#organization\"},\"image\":{\"@id\":\"http:\\\/\\\/66131ensheim.de\\\/wordpress\\\/2024\\\/04\\\/23\\\/einladung-zur-generalversammlung-2024-mit-neuwahlen-des-vorstandes\\\/#primaryimage\"},\"thumbnailUrl\":\"http:\\\/\\\/66131ensheim.de\\\/wordpress\\\/wp-content\\\/uploads\\\/2024\\\/04\\\/jhv2024.jpg\",\"inLanguage\":\"de\",\"potentialAction\":[{\"@type\":\"CommentAction\",\"name\":\"Comment\",\"target\":[\"http:\\\/\\\/66131ensheim.de\\\/wordpress\\\/2024\\\/04\\\/23\\\/einladung-zur-generalversammlung-2024-mit-neuwahlen-des-vorstandes\\\/#respond\"]}]},{\"@type\":\"WebPage\",\"@id\":\"http:\\\/\\\/66131ensheim.de\\\/wordpress\\\/2024\\\/04\\\/23\\\/einladung-zur-generalversammlung-2024-mit-neuwahlen-des-vorstandes\\\/\",\"url\":\"http:\\\/\\\/66131ensheim.de\\\/wordpress\\\/2024\\\/04\\\/23\\\/einladung-zur-generalversammlung-2024-mit-neuwahlen-des-vorstandes\\\/\",\"name\":\"Einladung zur Generalversammlung 2024 mit Neuwahlen des Vorstandes - Gewerbeverein Ensheim\",\"isPartOf\":{\"@id\":\"http:\\\/\\\/66131ensheim.de\\\/wordpress\\\/#website\"},\"primaryImageOfPage\":{\"@id\":\"http:\\\/\\\/66131ensheim.de\\\/wordpress\\\/2024\\\/04\\\/23\\\/einladung-zur-generalversammlung-2024-mit-neuwahlen-des-vorstandes\\\/#primaryimage\"},\"image\":{\"@id\":\"http:\\\/\\\/66131ensheim.de\\\/wordpress\\\/2024\\\/04\\\/23\\\/einladung-zur-generalversammlung-2024-mit-neuwahlen-des-vorstandes\\\/#primaryimage\"},\"thumbnailUrl\":\"http:\\\/\\\/66131ensheim.de\\\/wordpress\\\/wp-content\\\/uploads\\\/2024\\\/04\\\/jhv2024.jpg\",\"datePublished\":\"2024-04-23T06:55:08+00:00\",\"dateModified\":\"2024-04-23T21:39:45+00:00\",\"breadcrumb\":{\"@id\":\"http:\\\/\\\/66131ensheim.de\\\/wordpress\\\/2024\\\/04\\\/23\\\/einladung-zur-generalversammlung-2024-mit-neuwahlen-des-vorstandes\\\/#breadcrumb\"},\"inLanguage\":\"de\",\"potentialAction\":[{\"@type\":\"ReadAction\",\"target\":[\"http:\\\/\\\/66131ensheim.de\\\/wordpress\\\/2024\\\/04\\\/23\\\/einladung-zur-generalversammlung-2024-mit-neuwahlen-des-vorstandes\\\/\"]}]},{\"@type\":\"ImageObject\",\"inLanguage\":\"de\",\"@id\":\"http:\\\/\\\/66131ensheim.de\\\/wordpress\\\/2024\\\/04\\\/23\\\/einladung-zur-generalversammlung-2024-mit-neuwahlen-des-vorstandes\\\/#primaryimage\",\"url\":\"http:\\\/\\\/66131ensheim.de\\\/wordpress\\\/wp-content\\\/uploads\\\/2024\\\/04\\\/jhv2024.jpg\",\"contentUrl\":\"http:\\\/\\\/66131ensheim.de\\\/wordpress\\\/wp-content\\\/uploads\\\/2024\\\/04\\\/jhv2024.jpg\",\"width\":1336,\"height\":1336},{\"@type\":\"BreadcrumbList\",\"@id\":\"http:\\\/\\\/66131ensheim.de\\\/wordpress\\\/2024\\\/04\\\/23\\\/einladung-zur-generalversammlung-2024-mit-neuwahlen-des-vorstandes\\\/#breadcrumb\",\"itemListElement\":[{\"@type\":\"ListItem\",\"position\":1,\"name\":\"Startseite\",\"item\":\"http:\\\/\\\/66131ensheim.de\\\/wordpress\\\/\"},{\"@type\":\"ListItem\",\"position\":2,\"name\":\"Einladung zur Generalversammlung 2024 mit Neuwahlen des Vorstandes\"}]},{\"@type\":\"WebSite\",\"@id\":\"http:\\\/\\\/66131ensheim.de\\\/wordpress\\\/#website\",\"url\":\"http:\\\/\\\/66131ensheim.de\\\/wordpress\\\/\",\"name\":\"Gewerbeverein Ensheim\",\"description\":\"\",\"publisher\":{\"@id\":\"http:\\\/\\\/66131ensheim.de\\\/wordpress\\\/#organization\"},\"potentialAction\":[{\"@type\":\"SearchAction\",\"target\":{\"@type\":\"EntryPoint\",\"urlTemplate\":\"http:\\\/\\\/66131ensheim.de\\\/wordpress\\\/?s={search_term_string}\"},\"query-input\":{\"@type\":\"PropertyValueSpecification\",\"valueRequired\":true,\"valueName\":\"search_term_string\"}}],\"inLanguage\":\"de\"},{\"@type\":\"Organization\",\"@id\":\"http:\\\/\\\/66131ensheim.de\\\/wordpress\\\/#organization\",\"name\":\"Gewerbeverein Ensheim e.V.\",\"url\":\"http:\\\/\\\/66131ensheim.de\\\/wordpress\\\/\",\"logo\":{\"@type\":\"ImageObject\",\"inLanguage\":\"de\",\"@id\":\"http:\\\/\\\/66131ensheim.de\\\/wordpress\\\/#\\\/schema\\\/logo\\\/image\\\/\",\"url\":\"https:\\\/\\\/66131ensheim.de\\\/wordpress\\\/wp-content\\\/uploads\\\/2018\\\/07\\\/Aufkleber.jpg\",\"contentUrl\":\"https:\\\/\\\/66131ensheim.de\\\/wordpress\\\/wp-content\\\/uploads\\\/2018\\\/07\\\/Aufkleber.jpg\",\"width\":1667,\"height\":1667,\"caption\":\"Gewerbeverein Ensheim e.V.\"},\"image\":{\"@id\":\"http:\\\/\\\/66131ensheim.de\\\/wordpress\\\/#\\\/schema\\\/logo\\\/image\\\/\"},\"sameAs\":[\"https:\\\/\\\/www.facebook.com\\\/EnsheimSaar\\\/\",\"https:\\\/\\\/www.instagram.com\\\/gewerbeverein.ensheim\\\/\"]},{\"@type\":\"Person\",\"@id\":\"http:\\\/\\\/66131ensheim.de\\\/wordpress\\\/#\\\/schema\\\/person\\\/210ee9c63c5e30f18453372823a88de8\",\"name\":\"Stefan Vogelgesang\",\"image\":{\"@type\":\"ImageObject\",\"inLanguage\":\"de\",\"@id\":\"https:\\\/\\\/secure.gravatar.com\\\/avatar\\\/5633e4c0de8771818b0e2f3c72ef14f79d7bfd1aa794c0c5b5c7e17fe9ee3caa?s=96&d=mm&r=g\",\"url\":\"https:\\\/\\\/secure.gravatar.com\\\/avatar\\\/5633e4c0de8771818b0e2f3c72ef14f79d7bfd1aa794c0c5b5c7e17fe9ee3caa?s=96&d=mm&r=g\",\"contentUrl\":\"https:\\\/\\\/secure.gravatar.com\\\/avatar\\\/5633e4c0de8771818b0e2f3c72ef14f79d7bfd1aa794c0c5b5c7e17fe9ee3caa?s=96&d=mm&r=g\",\"caption\":\"Stefan Vogelgesang\"}}]}<\/script>\n<!-- \/ Yoast SEO plugin. -->","yoast_head_json":{"title":"Einladung zur Generalversammlung 2024 mit Neuwahlen des Vorstandes - Gewerbeverein Ensheim","robots":{"index":"index","follow":"follow","max-snippet":"max-snippet:-1","max-image-preview":"max-image-preview:large","max-video-preview":"max-video-preview:-1"},"canonical":"http:\/\/66131ensheim.de\/wordpress\/2024\/04\/23\/einladung-zur-generalversammlung-2024-mit-neuwahlen-des-vorstandes\/","og_locale":"de_DE","og_type":"article","og_title":"Einladung zur Generalversammlung 2024 mit Neuwahlen des Vorstandes - Gewerbeverein Ensheim","og_description":"am Donnerstag, 16. Mai 2024, um 18:30 Uhr im Saal des Gasthauses 5-Jahreszeiten, Fabrikstr. 19 in 66131 Ensheim. Liebe Mitgliederinnen und Mitglieder, hiermit laden wir euch zur Generalversammlung mit Neuwahlen des Vorstandes unseres Gewerbevereins Ensheim e.V., ordnungsgem\u00e4\u00df ein. Tagesordnung: 1. Begr\u00fc\u00dfung 2. Feststellung der Beschlussf\u00e4higkeit 3. Bericht des 1. Vorsitzenden 4. Bericht des Kassierers 5. Bericht der Kassenpr\u00fcfer 6. Fragen und Aussprache zu den Berichten 7. Antrag auf Entlastung des Vorstandes 8. Wahlen des: Wahlleiter\/in 9. Wahl der beiden Kassenpr\u00fcfer ... Weiter","og_url":"http:\/\/66131ensheim.de\/wordpress\/2024\/04\/23\/einladung-zur-generalversammlung-2024-mit-neuwahlen-des-vorstandes\/","og_site_name":"Gewerbeverein Ensheim","article_publisher":"https:\/\/www.facebook.com\/EnsheimSaar\/","article_published_time":"2024-04-23T06:55:08+00:00","article_modified_time":"2024-04-23T21:39:45+00:00","og_image":[{"width":1336,"height":1336,"url":"http:\/\/66131ensheim.de\/wordpress\/wp-content\/uploads\/2024\/04\/jhv2024.jpg","type":"image\/jpeg"}],"author":"Stefan Vogelgesang","twitter_card":"summary_large_image","twitter_misc":{"Verfasst von":"Stefan Vogelgesang","Gesch\u00e4tzte Lesezeit":"2\u00a0Minuten"},"schema":{"@context":"https:\/\/schema.org","@graph":[{"@type":"Article","@id":"http:\/\/66131ensheim.de\/wordpress\/2024\/04\/23\/einladung-zur-generalversammlung-2024-mit-neuwahlen-des-vorstandes\/#article","isPartOf":{"@id":"http:\/\/66131ensheim.de\/wordpress\/2024\/04\/23\/einladung-zur-generalversammlung-2024-mit-neuwahlen-des-vorstandes\/"},"author":{"name":"Stefan Vogelgesang","@id":"http:\/\/66131ensheim.de\/wordpress\/#\/schema\/person\/210ee9c63c5e30f18453372823a88de8"},"headline":"Einladung zur Generalversammlung 2024 mit Neuwahlen des Vorstandes","datePublished":"2024-04-23T06:55:08+00:00","dateModified":"2024-04-23T21:39:45+00:00","mainEntityOfPage":{"@id":"http:\/\/66131ensheim.de\/wordpress\/2024\/04\/23\/einladung-zur-generalversammlung-2024-mit-neuwahlen-des-vorstandes\/"},"wordCount":224,"commentCount":0,"publisher":{"@id":"http:\/\/66131ensheim.de\/wordpress\/#organization"},"image":{"@id":"http:\/\/66131ensheim.de\/wordpress\/2024\/04\/23\/einladung-zur-generalversammlung-2024-mit-neuwahlen-des-vorstandes\/#primaryimage"},"thumbnailUrl":"http:\/\/66131ensheim.de\/wordpress\/wp-content\/uploads\/2024\/04\/jhv2024.jpg","inLanguage":"de","potentialAction":[{"@type":"CommentAction","name":"Comment","target":["http:\/\/66131ensheim.de\/wordpress\/2024\/04\/23\/einladung-zur-generalversammlung-2024-mit-neuwahlen-des-vorstandes\/#respond"]}]},{"@type":"WebPage","@id":"http:\/\/66131ensheim.de\/wordpress\/2024\/04\/23\/einladung-zur-generalversammlung-2024-mit-neuwahlen-des-vorstandes\/","url":"http:\/\/66131ensheim.de\/wordpress\/2024\/04\/23\/einladung-zur-generalversammlung-2024-mit-neuwahlen-des-vorstandes\/","name":"Einladung zur Generalversammlung 2024 mit Neuwahlen des Vorstandes - Gewerbeverein Ensheim","isPartOf":{"@id":"http:\/\/66131ensheim.de\/wordpress\/#website"},"primaryImageOfPage":{"@id":"http:\/\/66131ensheim.de\/wordpress\/2024\/04\/23\/einladung-zur-generalversammlung-2024-mit-neuwahlen-des-vorstandes\/#primaryimage"},"image":{"@id":"http:\/\/66131ensheim.de\/wordpress\/2024\/04\/23\/einladung-zur-generalversammlung-2024-mit-neuwahlen-des-vorstandes\/#primaryimage"},"thumbnailUrl":"http:\/\/66131ensheim.de\/wordpress\/wp-content\/uploads\/2024\/04\/jhv2024.jpg","datePublished":"2024-04-23T06:55:08+00:00","dateModified":"2024-04-23T21:39:45+00:00","breadcrumb":{"@id":"http:\/\/66131ensheim.de\/wordpress\/2024\/04\/23\/einladung-zur-generalversammlung-2024-mit-neuwahlen-des-vorstandes\/#breadcrumb"},"inLanguage":"de","potentialAction":[{"@type":"ReadAction","target":["http:\/\/66131ensheim.de\/wordpress\/2024\/04\/23\/einladung-zur-generalversammlung-2024-mit-neuwahlen-des-vorstandes\/"]}]},{"@type":"ImageObject","inLanguage":"de","@id":"http:\/\/66131ensheim.de\/wordpress\/2024\/04\/23\/einladung-zur-generalversammlung-2024-mit-neuwahlen-des-vorstandes\/#primaryimage","url":"http:\/\/66131ensheim.de\/wordpress\/wp-content\/uploads\/2024\/04\/jhv2024.jpg","contentUrl":"http:\/\/66131ensheim.de\/wordpress\/wp-content\/uploads\/2024\/04\/jhv2024.jpg","width":1336,"height":1336},{"@type":"BreadcrumbList","@id":"http:\/\/66131ensheim.de\/wordpress\/2024\/04\/23\/einladung-zur-generalversammlung-2024-mit-neuwahlen-des-vorstandes\/#breadcrumb","itemListElement":[{"@type":"ListItem","position":1,"name":"Startseite","item":"http:\/\/66131ensheim.de\/wordpress\/"},{"@type":"ListItem","position":2,"name":"Einladung zur Generalversammlung 2024 mit Neuwahlen des Vorstandes"}]},{"@type":"WebSite","@id":"http:\/\/66131ensheim.de\/wordpress\/#website","url":"http:\/\/66131ensheim.de\/wordpress\/","name":"Gewerbeverein Ensheim","description":"","publisher":{"@id":"http:\/\/66131ensheim.de\/wordpress\/#organization"},"potentialAction":[{"@type":"SearchAction","target":{"@type":"EntryPoint","urlTemplate":"http:\/\/66131ensheim.de\/wordpress\/?s={search_term_string}"},"query-input":{"@type":"PropertyValueSpecification","valueRequired":true,"valueName":"search_term_string"}}],"inLanguage":"de"},{"@type":"Organization","@id":"http:\/\/66131ensheim.de\/wordpress\/#organization","name":"Gewerbeverein Ensheim e.V.","url":"http:\/\/66131ensheim.de\/wordpress\/","logo":{"@type":"ImageObject","inLanguage":"de","@id":"http:\/\/66131ensheim.de\/wordpress\/#\/schema\/logo\/image\/","url":"https:\/\/66131ensheim.de\/wordpress\/wp-content\/uploads\/2018\/07\/Aufkleber.jpg","contentUrl":"https:\/\/66131ensheim.de\/wordpress\/wp-content\/uploads\/2018\/07\/Aufkleber.jpg","width":1667,"height":1667,"caption":"Gewerbeverein Ensheim e.V."},"image":{"@id":"http:\/\/66131ensheim.de\/wordpress\/#\/schema\/logo\/image\/"},"sameAs":["https:\/\/www.facebook.com\/EnsheimSaar\/","https:\/\/www.instagram.com\/gewerbeverein.ensheim\/"]},{"@type":"Person","@id":"http:\/\/66131ensheim.de\/wordpress\/#\/schema\/person\/210ee9c63c5e30f18453372823a88de8","name":"Stefan Vogelgesang","image":{"@type":"ImageObject","inLanguage":"de","@id":"https:\/\/secure.gravatar.com\/avatar\/5633e4c0de8771818b0e2f3c72ef14f79d7bfd1aa794c0c5b5c7e17fe9ee3caa?s=96&d=mm&r=g","url":"https:\/\/secure.gravatar.com\/avatar\/5633e4c0de8771818b0e2f3c72ef14f79d7bfd1aa794c0c5b5c7e17fe9ee3caa?s=96&d=mm&r=g","contentUrl":"https:\/\/secure.gravatar.com\/avatar\/5633e4c0de8771818b0e2f3c72ef14f79d7bfd1aa794c0c5b5c7e17fe9ee3caa?s=96&d=mm&r=g","caption":"Stefan Vogelgesang"}}]}},"_links":{"self":[{"href":"http:\/\/66131ensheim.de\/wordpress\/wp-json\/wp\/v2\/posts\/3941","targetHints":{"allow":["GET"]}}],"collection":[{"href":"http:\/\/66131ensheim.de\/wordpress\/wp-json\/wp\/v2\/posts"}],"about":[{"href":"http:\/\/66131ensheim.de\/wordpress\/wp-json\/wp\/v2\/types\/post"}],"author":[{"embeddable":true,"href":"http:\/\/66131ensheim.de\/wordpress\/wp-json\/wp\/v2\/users\/1"}],"replies":[{"embeddable":true,"href":"http:\/\/66131ensheim.de\/wordpress\/wp-json\/wp\/v2\/comments?post=3941"}],"version-history":[{"count":2,"href":"http:\/\/66131ensheim.de\/wordpress\/wp-json\/wp\/v2\/posts\/3941\/revisions"}],"predecessor-version":[{"id":3944,"href":"http:\/\/66131ensheim.de\/wordpress\/wp-json\/wp\/v2\/posts\/3941\/revisions\/3944"}],"wp:featuredmedia":[{"embeddable":true,"href":"http:\/\/66131ensheim.de\/wordpress\/wp-json\/wp\/v2\/media\/3942"}],"wp:attachment":[{"href":"http:\/\/66131ensheim.de\/wordpress\/wp-json\/wp\/v2\/media?parent=3941"}],"wp:term":[{"taxonomy":"category","embeddable":true,"href":"http:\/\/66131ensheim.de\/wordpress\/wp-json\/wp\/v2\/categories?post=3941"},{"taxonomy":"post_tag","embeddable":true,"href":"http:\/\/66131ensheim.de\/wordpress\/wp-json\/wp\/v2\/tags?post=3941"}],"curies":[{"name":"wp","href":"https:\/\/api.w.org\/{rel}","templated":true}]}}